{"id":64,"date":"2024-01-24T09:48:11","date_gmt":"2024-01-24T08:48:11","guid":{"rendered":"http:\/\/nowa.mops.wlodawa.eu\/?p=64"},"modified":"2024-03-05T09:19:59","modified_gmt":"2024-03-05T08:19:59","slug":"dodatek-oslonowy-2024-r","status":"publish","type":"post","link":"https:\/\/mops.wlodawa.eu\/?p=64","title":{"rendered":"DODATEK OS\u0141ONOWY 2024 r."},"content":{"rendered":"\n<p class=\"wp-block-paragraph\"><strong>Dodatek os\u0142onowy \u2013 co to jest?<\/strong><\/p>\n\n\n\n<p class=\"wp-block-paragraph\">Dodatek os\u0142onowy jest \u015bwiadczeniem pieni\u0119\u017cnym, kt\u00f3re ma na celu zapewni\u0107 wsparcie finansowe osobom o niskich dochodach, a tak\u017ce uchroni\u0107 ich przed ub\u00f3stwem energetycznym.<\/p>\n\n\n\n<p class=\"wp-block-paragraph\"><strong>WA\u017bNE !!!<\/strong><\/p>\n\n\n\n<p class=\"wp-block-paragraph\">W 2024 roku dodatek os\u0142onowy przys\u0142uguje na okres od 1 stycznia 2024 r. do 30 czerwca 2024 r.<\/p>\n\n\n\n<p class=\"wp-block-paragraph\">Wniosek o przyznanie dodatku os\u0142onowego mo\u017cna z\u0142o\u017cy\u0107 najp\u00f3\u017aniej do 30 kwietnia 2024 r.<\/p>\n\n\n\n<p class=\"wp-block-paragraph\">Wnioski z\u0142o\u017cone po 30 kwietnia 2024 r. pozostawia si\u0119 bez rozpoznania.<\/p>\n\n\n\n<!--more-->\n\n\n\n<p class=\"wp-block-paragraph\"><strong>Komu przys\u0142uguje dodatek os\u0142onowy<\/strong><\/p>\n\n\n\n<p class=\"wp-block-paragraph\">Zgodnie z ustaw\u0105 o dodatku os\u0142onowym \u015bwiadczenie przys\u0142uguje:<br>&#8211; osobie w gospodarstwie domowym jednoosobowym, w kt\u00f3rym wysoko\u015b\u0107 przeci\u0119tnego miesi\u0119cznego dochodu nie&nbsp; przekracza kwoty 2100 z\u0142,<br>&#8211; osobie w gospodarstwie domowym wieloosobowym, w kt\u00f3rym wysoko\u015b\u0107 przeci\u0119tnego miesi\u0119cznego dochodu nie przekracza kwoty 1500 z\u0142 na osob\u0119;<br>Doch\u00f3d b\u0119dzie ustalany na podstawie art. 3 pkt 1 ustawy z dnia 28 listopada 2003 r. o \u015bwiadczeniach rodzinnych.<br>Dodatek os\u0142onowy przys\u0142uguje osobom, kt\u00f3re maj\u0105 miejsce zamieszkania i przebywaj\u0105 na terytorium Polski.<br><strong>Uwaga !<\/strong><br>Osoba, kt\u00f3ra ubiega si\u0119 o dodatek os\u0142onowy, a nie posiada polskiego obywatelstwa, powinna przedstawi\u0107 dokumenty potwierdzaj\u0105ce, \u017ce:<br>1)&nbsp;&nbsp; &nbsp;jest obywatelem:<br>&#8211; jednego z pa\u0144stw Unii Europejskiej;<br>&#8211; jednego z pa\u0144stw Europejskiego Porozumienia o Wolnym Handlu (EFTA) \u2013 stron umowy o Europejskim Obszarze Gospodarczym;<br>&#8211; Konfederacji Szwajcarskiej i posiada prawo pobytu lub prawo sta\u0142ego pobytu w Polsce;<br>2)&nbsp;&nbsp; &nbsp;jest cz\u0142onkiem rodziny (w rozumieniu art. 2 pkt 4 ustawy z dnia 14 lipca 2006 r. o wje\u017adzie na terytorium Rzeczypospolitej Polskiej, pobycie oraz wyje\u017adzie z tego terytorium obywateli pa\u0144stw cz\u0142onkowskich Unii Europejskiej i cz\u0142onk\u00f3w ich rodzin) obywatela:<br>&#8211; jednego z pa\u0144stw Unii Europejskiej;<br>&#8211; jednego z pa\u0144stw Europejskiego Porozumienia o Wolnym Handlu (EFTA) \u2013 stron umowy o Europejskim Obszarze Gospodarczym;<br>&#8211; Konfederacji Szwajcarskiej i posiada prawo pobytu lub prawo sta\u0142ego pobytu w Polsce<br>3)&nbsp;&nbsp; &nbsp;jest cudzoziemcem maj\u0105cym miejsce zamieszkania i przebywaj\u0105cym w Polsce na podstawie:<br>&#8211; zezwolenia na pobyt sta\u0142y;<br>&#8211; zezwolenia na pobyt rezydenta d\u0142ugoterminowego Unii Europejskiej;<br>&#8211; zezwolenia na pobyt czasowy udzielonego w zwi\u0105zku z nast\u0119puj\u0105cymi okoliczno\u015bciami:<br>4)&nbsp;&nbsp; &nbsp;Jest cz\u0142onkiem rodziny uchod\u017acy i przybywa do Polski lub przebywa w Polsce w celu po\u0142\u0105czenia si\u0119 z rodzin\u0105 (art. 159 ust. 1 pkt 1 lit. c ustawy o cudzoziemcach);<br>5)&nbsp;&nbsp; &nbsp;Jest cz\u0142onkiem rodziny osoby, kt\u00f3rej udzielono ochrony uzupe\u0142niaj\u0105cej i przybywa do Polski lub przebywa w Polsce w celu po\u0142\u0105czenia si\u0119 z rodzin\u0105 ( art. 159 ust. 1 pkt 1 lit. d ustawy o cudzoziemcach);<br>6)&nbsp;&nbsp; &nbsp;Posiada zezwolenia na pobyt rezydenta d\u0142ugoterminowego Unii Europejskiej&nbsp; udzielonego przez inne pa\u0144stwo cz\u0142onkowskie Unii Europejskiej przy r\u00f3wnoczesnym spe\u0142nieniu dodatkowych przes\u0142anek (art. 186 ust. 1 pkt 3 ustawy o cudzoziemcach);<br>7)&nbsp;&nbsp; &nbsp;Uzyska\u0142 status uchod\u017acy (art. 3 ust. 1 pkt 1 ustawy z dnia 13 czerwca 2003 r. o udzielaniu cudzoziemcom ochrony na terytorium Rzeczypospolitej Polskiej);<br>8)&nbsp;&nbsp; &nbsp;Uzyska\u0142 ochron\u0119 uzupe\u0142niaj\u0105c\u0105 (art. 3 ust. 1 pkt 1a ustawy z dnia 13 czerwca 2003 r. o udzielaniu cudzoziemcom ochrony na terytorium Rzeczypospolitej Polskiej)<br>&#8211; zgody na pobyt ze wzgl\u0119d\u00f3w humanitarnych lub zgody na pobyt tolerowany \u2013 w formie schronienia, posi\u0142ku, niezb\u0119dnego ubrania oraz zasi\u0142ku celowego;<\/p>\n\n\n\n<p class=\"wp-block-paragraph\"><strong>Gospodarstwo domowe tworz\u0105:<\/strong><\/p>\n\n\n\n<p class=\"wp-block-paragraph\">&#8211; gospodarstwo domowe jednoosobowe &#8211; osoba samotnie zamieszkuj\u0105ca i gospodaruj\u0105ca;<br>&#8211; gospodarstwo domowe wieloosobowe \u2013 osoba, kt\u00f3ra wnioskuje o przyznanie dodatku os\u0142onowego oraz osoby z ni\u0105 spokrewnione lub niespokrewnione pozostaj\u0105ce w faktycznym zwi\u0105zku, wsp\u00f3lnie z ni\u0105 zamieszkuj\u0105ce i gospodaruj\u0105ce.<br>Ile wynosi dodatek os\u0142onowy<br>Dodatek os\u0142onowy wynosi:<br>&#8211; 228,80\/286,00 z\u0142 * dla gospodarstwa domowego jednoosobowego;<br>&#8211; 343,20\/429,00 z\u0142* dla gospodarstwa domowego sk\u0142adaj\u0105cego si\u0119 z 2 do 3 os\u00f3b;<br>&#8211; 486,20\/607,75 z\u0142* dla gospodarstwa domowego sk\u0142adaj\u0105cego si\u0119 z 4 do 5 os\u00f3b;<br>&#8211; 657,80\/822,25 z\u0142* dla gospodarstwa domowego sk\u0142adaj\u0105cego si\u0119 z 6 i wi\u0119cej os\u00f3b;<br>* Kwota dodatku jest uzale\u017cniona od \u017ar\u00f3d\u0142a ogrzewania. Wy\u017csze \u015bwiadczenie mog\u0105 otrzyma\u0107 osoby, kt\u00f3re u\u017cywaj\u0105 do ogrzewania w\u0119gla lub paliwa w\u0119glopochodnego. Warunkiem jest jednak zg\u0142oszenie do Centralnej Ewidencji Emisyjno\u015bci Budynk\u00f3w.<br>Uwaga<br>Dodatek os\u0142onowy mo\u017cemy przyzna\u0107 r\u00f3wnie\u017c, gdy wysoko\u015b\u0107 przeci\u0119tnego miesi\u0119cznego dochodu przekracza 2100 z\u0142 w gospodarstwie jednoosobowym i 1500 z\u0142 w gospodarstwie wieloosobowym. Wyp\u0142acimy wtedy r\u00f3\u017cnic\u0119 mi\u0119dzy kwot\u0105 dodatku os\u0142onowego, a kwot\u0105, o kt\u00f3r\u0105 zosta\u0142 przekroczony przeci\u0119tny miesi\u0119czny doch\u00f3d.<br>Dla wniosk\u00f3w z\u0142o\u017conych od dnia 1 stycznia 2024 do 30 kwietnia 2024 roku podstaw\u0105 obliczania kryterium dochodowego jest rok 2022.<br>\u015awiadczenie nie przys\u0142uguje, gdy jego wysoko\u015b\u0107 jest ni\u017csza ni\u017c 20 z\u0142.<br>Jak powiadomimy o przyznaniu dodatku os\u0142onowego<br>&#8211; przyznanie dodatku os\u0142onowego nie wymaga wydania decyzji.<br>Je\u017celi we wniosku o wyp\u0142at\u0119 dodatku os\u0142onowego podasz adres poczty elektronicznej, prze\u015blemy informacj\u0119 o przyznaniu dodatku os\u0142onowego na ten adres.<br>Je\u017celi nie podasz adresu poczty elektronicznej, b\u0119dziesz m\u00f3g\u0142 odebra\u0107&nbsp; informacj\u0119 o przyznaniu dodatku os\u0142onowego w Miejskim O\u015brodku Pomocy Spo\u0142ecznej we W\u0142odawie, Al. J. Pi\u0142sudskiego 41, 22-200 W\u0142odawa, pok\u00f3j nr 4 lub 5 &nbsp;<br>&#8211; odmowa przyznania dodatku os\u0142onowego, uchylenie lub zmiana prawa do dodatku os\u0142onowego oraz rozstrzygni\u0119cie w sprawie nienale\u017cnie pobranego \u015bwiadczenia wymagaj\u0105 wydania decyzji.<br>Jak b\u0119dzie wyp\u0142acany dodatek os\u0142onowy<br>Dodatek os\u0142onowy przys\u0142uguje za okres od dnia 1 stycznia 2024 r. do dnia 30 czerwca 2024 r. B\u0119dzie on wyp\u0142acany jednorazowo do ko\u0144ca czerwca 2024 r.<\/p>\n","protected":false},"excerpt":{"rendered":"<p>Dodatek os\u0142onowy \u2013 co to jest? Dodatek os\u0142onowy jest \u015bwiadczeniem pieni\u0119\u017cnym, kt\u00f3re ma na celu zapewni\u0107 wsparcie finansowe osobom o niskich dochodach, a tak\u017ce uchroni\u0107 ich przed ub\u00f3stwem energetycznym. WA\u017bNE !!! W 2024 roku dodatek os\u0142onowy przys\u0142uguje na okres od 1 stycznia 2024 r. do 30 czerwca 2024 r. Wniosek o przyznanie dodatku os\u0142onowego mo\u017cna z\u0142o\u017cy\u0107 najp\u00f3\u017aniej do 30 kwietnia 2024 r. Wnioski z\u0142o\u017cone po 30 kwietnia 2024 r. pozostawia si\u0119 bez rozpoznania.<\/p>\n","protected":false},"author":1,"featured_media":0,"comment_status":"closed","ping_status":"open","sticky":false,"template":"","format":"standard","meta":{"footnotes":""},"categories":[13],"tags":[],"class_list":["post-64","post","type-post","status-publish","format-standard","hentry","category-aktualnosci"],"yoast_head":"<!-- This site is optimized with the Yoast SEO plugin v28.2 - https:\/\/yoast.com\/product\/yoast-seo-wordpress\/ -->\n<title>DODATEK OS\u0141ONOWY 2024 r. - Miejski O\u015brodek Pomocy Spo\u0142ecznej we W\u0142odawie<\/title>\n<meta name=\"description\" content=\"W\u0142odawa, lubelskie, pomoc spo\u0142eczna, zasi\u0142ki, posi\u0142ki, \u015bwiadczenia rodzinne, dodatki mieszkaniowe, SENIOR+.\" \/>\n<meta name=\"robots\" content=\"index, follow, max-snippet:-1, max-image-preview:large, max-video-preview:-1\" \/>\n<link rel=\"canonical\" href=\"http:\/\/mops.wlodawa.eu\/?p=64\" \/>\n<meta property=\"og:locale\" content=\"pl_PL\" \/>\n<meta property=\"og:type\" content=\"article\" \/>\n<meta property=\"og:title\" content=\"DODATEK OS\u0141ONOWY 2024 r. - Miejski O\u015brodek Pomocy Spo\u0142ecznej we W\u0142odawie\" \/>\n<meta property=\"og:description\" content=\"W\u0142odawa, lubelskie, pomoc spo\u0142eczna, zasi\u0142ki, posi\u0142ki, \u015bwiadczenia rodzinne, dodatki mieszkaniowe, SENIOR+.\" \/>\n<meta property=\"og:url\" content=\"http:\/\/mops.wlodawa.eu\/?p=64\" \/>\n<meta property=\"og:site_name\" content=\"Miejski O\u015brodek Pomocy Spo\u0142ecznej we W\u0142odawie\" \/>\n<meta property=\"article:published_time\" content=\"2024-01-24T08:48:11+00:00\" \/>\n<meta property=\"article:modified_time\" content=\"2024-03-05T08:19:59+00:00\" \/>\n<meta name=\"author\" content=\"mops1\" \/>\n<meta name=\"twitter:card\" content=\"summary_large_image\" \/>\n<meta name=\"twitter:label1\" content=\"Napisane przez\" \/>\n\t<meta name=\"twitter:data1\" content=\"mops1\" \/>\n\t<meta name=\"twitter:label2\" content=\"Szacowany czas czytania\" \/>\n\t<meta name=\"twitter:data2\" content=\"5 minut\" \/>\n<script type=\"application\/ld+json\" class=\"yoast-schema-graph\">{\"@context\":\"https:\\\/\\\/schema.org\",\"@graph\":[{\"@type\":\"Article\",\"@id\":\"http:\\\/\\\/mops.wlodawa.eu\\\/?p=64#article\",\"isPartOf\":{\"@id\":\"http:\\\/\\\/mops.wlodawa.eu\\\/?p=64\"},\"author\":{\"name\":\"mops1\",\"@id\":\"https:\\\/\\\/mops.wlodawa.eu\\\/#\\\/schema\\\/person\\\/1bb056e8f67e88db50a69837560de810\"},\"headline\":\"DODATEK OS\u0141ONOWY 2024 r.\",\"datePublished\":\"2024-01-24T08:48:11+00:00\",\"dateModified\":\"2024-03-05T08:19:59+00:00\",\"mainEntityOfPage\":{\"@id\":\"http:\\\/\\\/mops.wlodawa.eu\\\/?p=64\"},\"wordCount\":908,\"publisher\":{\"@id\":\"https:\\\/\\\/mops.wlodawa.eu\\\/#organization\"},\"articleSection\":[\"Aktualno\u015bci\"],\"inLanguage\":\"pl-PL\"},{\"@type\":\"WebPage\",\"@id\":\"http:\\\/\\\/mops.wlodawa.eu\\\/?p=64\",\"url\":\"http:\\\/\\\/mops.wlodawa.eu\\\/?p=64\",\"name\":\"DODATEK OS\u0141ONOWY 2024 r. - Miejski O\u015brodek Pomocy Spo\u0142ecznej we W\u0142odawie\",\"isPartOf\":{\"@id\":\"https:\\\/\\\/mops.wlodawa.eu\\\/#website\"},\"datePublished\":\"2024-01-24T08:48:11+00:00\",\"dateModified\":\"2024-03-05T08:19:59+00:00\",\"description\":\"W\u0142odawa, lubelskie, pomoc spo\u0142eczna, zasi\u0142ki, posi\u0142ki, \u015bwiadczenia rodzinne, dodatki mieszkaniowe, SENIOR+.\",\"breadcrumb\":{\"@id\":\"http:\\\/\\\/mops.wlodawa.eu\\\/?p=64#breadcrumb\"},\"inLanguage\":\"pl-PL\",\"potentialAction\":[{\"@type\":\"ReadAction\",\"target\":[\"http:\\\/\\\/mops.wlodawa.eu\\\/?p=64\"]}]},{\"@type\":\"BreadcrumbList\",\"@id\":\"http:\\\/\\\/mops.wlodawa.eu\\\/?p=64#breadcrumb\",\"itemListElement\":[{\"@type\":\"ListItem\",\"position\":1,\"name\":\"Strona g\u0142\u00f3wna\",\"item\":\"https:\\\/\\\/mops.wlodawa.eu\\\/\"},{\"@type\":\"ListItem\",\"position\":2,\"name\":\"DODATEK OS\u0141ONOWY 2024 r.\"}]},{\"@type\":\"WebSite\",\"@id\":\"https:\\\/\\\/mops.wlodawa.eu\\\/#website\",\"url\":\"https:\\\/\\\/mops.wlodawa.eu\\\/\",\"name\":\"Miejski O\u015brodek Pomocy Spo\u0142ecznej we W\u0142odawie\",\"description\":\"MOPS W\u0142odawa\",\"publisher\":{\"@id\":\"https:\\\/\\\/mops.wlodawa.eu\\\/#organization\"},\"alternateName\":\"MOPS W\u0142odawa\",\"potentialAction\":[{\"@type\":\"SearchAction\",\"target\":{\"@type\":\"EntryPoint\",\"urlTemplate\":\"https:\\\/\\\/mops.wlodawa.eu\\\/?s={search_term_string}\"},\"query-input\":{\"@type\":\"PropertyValueSpecification\",\"valueRequired\":true,\"valueName\":\"search_term_string\"}}],\"inLanguage\":\"pl-PL\"},{\"@type\":\"Organization\",\"@id\":\"https:\\\/\\\/mops.wlodawa.eu\\\/#organization\",\"name\":\"MOPS W\u0142odawa\",\"url\":\"https:\\\/\\\/mops.wlodawa.eu\\\/\",\"logo\":{\"@type\":\"ImageObject\",\"inLanguage\":\"pl-PL\",\"@id\":\"https:\\\/\\\/mops.wlodawa.eu\\\/#\\\/schema\\\/logo\\\/image\\\/\",\"url\":\"https:\\\/\\\/mops.wlodawa.eu\\\/wp-content\\\/uploads\\\/2024\\\/02\\\/header1.jpg\",\"contentUrl\":\"https:\\\/\\\/mops.wlodawa.eu\\\/wp-content\\\/uploads\\\/2024\\\/02\\\/header1.jpg\",\"width\":970,\"height\":200,\"caption\":\"MOPS W\u0142odawa\"},\"image\":{\"@id\":\"https:\\\/\\\/mops.wlodawa.eu\\\/#\\\/schema\\\/logo\\\/image\\\/\"}},{\"@type\":\"Person\",\"@id\":\"https:\\\/\\\/mops.wlodawa.eu\\\/#\\\/schema\\\/person\\\/1bb056e8f67e88db50a69837560de810\",\"name\":\"mops1\",\"image\":{\"@type\":\"ImageObject\",\"inLanguage\":\"pl-PL\",\"@id\":\"https:\\\/\\\/secure.gravatar.com\\\/avatar\\\/459ed602c6af581e131d560389cc545771fbbd29dc8436dca950c0b23d5755f8?s=96&d=mm&r=g\",\"url\":\"https:\\\/\\\/secure.gravatar.com\\\/avatar\\\/459ed602c6af581e131d560389cc545771fbbd29dc8436dca950c0b23d5755f8?s=96&d=mm&r=g\",\"contentUrl\":\"https:\\\/\\\/secure.gravatar.com\\\/avatar\\\/459ed602c6af581e131d560389cc545771fbbd29dc8436dca950c0b23d5755f8?s=96&d=mm&r=g\",\"caption\":\"mops1\"},\"sameAs\":[\"http:\\\/\\\/nowa.mops.wlodawa.eu\"],\"url\":\"https:\\\/\\\/mops.wlodawa.eu\\\/?author=1\"}]}<\/script>\n<!-- \/ Yoast SEO plugin. -->","yoast_head_json":{"title":"DODATEK OS\u0141ONOWY 2024 r. - Miejski O\u015brodek Pomocy Spo\u0142ecznej we W\u0142odawie","description":"W\u0142odawa, lubelskie, pomoc spo\u0142eczna, zasi\u0142ki, posi\u0142ki, \u015bwiadczenia rodzinne, dodatki mieszkaniowe, SENIOR+.","robots":{"index":"index","follow":"follow","max-snippet":"max-snippet:-1","max-image-preview":"max-image-preview:large","max-video-preview":"max-video-preview:-1"},"canonical":"http:\/\/mops.wlodawa.eu\/?p=64","og_locale":"pl_PL","og_type":"article","og_title":"DODATEK OS\u0141ONOWY 2024 r. - Miejski O\u015brodek Pomocy Spo\u0142ecznej we W\u0142odawie","og_description":"W\u0142odawa, lubelskie, pomoc spo\u0142eczna, zasi\u0142ki, posi\u0142ki, \u015bwiadczenia rodzinne, dodatki mieszkaniowe, SENIOR+.","og_url":"http:\/\/mops.wlodawa.eu\/?p=64","og_site_name":"Miejski O\u015brodek Pomocy Spo\u0142ecznej we W\u0142odawie","article_published_time":"2024-01-24T08:48:11+00:00","article_modified_time":"2024-03-05T08:19:59+00:00","author":"mops1","twitter_card":"summary_large_image","twitter_misc":{"Napisane przez":"mops1","Szacowany czas czytania":"5 minut"},"schema":{"@context":"https:\/\/schema.org","@graph":[{"@type":"Article","@id":"http:\/\/mops.wlodawa.eu\/?p=64#article","isPartOf":{"@id":"http:\/\/mops.wlodawa.eu\/?p=64"},"author":{"name":"mops1","@id":"https:\/\/mops.wlodawa.eu\/#\/schema\/person\/1bb056e8f67e88db50a69837560de810"},"headline":"DODATEK OS\u0141ONOWY 2024 r.","datePublished":"2024-01-24T08:48:11+00:00","dateModified":"2024-03-05T08:19:59+00:00","mainEntityOfPage":{"@id":"http:\/\/mops.wlodawa.eu\/?p=64"},"wordCount":908,"publisher":{"@id":"https:\/\/mops.wlodawa.eu\/#organization"},"articleSection":["Aktualno\u015bci"],"inLanguage":"pl-PL"},{"@type":"WebPage","@id":"http:\/\/mops.wlodawa.eu\/?p=64","url":"http:\/\/mops.wlodawa.eu\/?p=64","name":"DODATEK OS\u0141ONOWY 2024 r. - Miejski O\u015brodek Pomocy Spo\u0142ecznej we W\u0142odawie","isPartOf":{"@id":"https:\/\/mops.wlodawa.eu\/#website"},"datePublished":"2024-01-24T08:48:11+00:00","dateModified":"2024-03-05T08:19:59+00:00","description":"W\u0142odawa, lubelskie, pomoc spo\u0142eczna, zasi\u0142ki, posi\u0142ki, \u015bwiadczenia rodzinne, dodatki mieszkaniowe, SENIOR+.","breadcrumb":{"@id":"http:\/\/mops.wlodawa.eu\/?p=64#breadcrumb"},"inLanguage":"pl-PL","potentialAction":[{"@type":"ReadAction","target":["http:\/\/mops.wlodawa.eu\/?p=64"]}]},{"@type":"BreadcrumbList","@id":"http:\/\/mops.wlodawa.eu\/?p=64#breadcrumb","itemListElement":[{"@type":"ListItem","position":1,"name":"Strona g\u0142\u00f3wna","item":"https:\/\/mops.wlodawa.eu\/"},{"@type":"ListItem","position":2,"name":"DODATEK OS\u0141ONOWY 2024 r."}]},{"@type":"WebSite","@id":"https:\/\/mops.wlodawa.eu\/#website","url":"https:\/\/mops.wlodawa.eu\/","name":"Miejski O\u015brodek Pomocy Spo\u0142ecznej we W\u0142odawie","description":"MOPS W\u0142odawa","publisher":{"@id":"https:\/\/mops.wlodawa.eu\/#organization"},"alternateName":"MOPS W\u0142odawa","potentialAction":[{"@type":"SearchAction","target":{"@type":"EntryPoint","urlTemplate":"https:\/\/mops.wlodawa.eu\/?s={search_term_string}"},"query-input":{"@type":"PropertyValueSpecification","valueRequired":true,"valueName":"search_term_string"}}],"inLanguage":"pl-PL"},{"@type":"Organization","@id":"https:\/\/mops.wlodawa.eu\/#organization","name":"MOPS W\u0142odawa","url":"https:\/\/mops.wlodawa.eu\/","logo":{"@type":"ImageObject","inLanguage":"pl-PL","@id":"https:\/\/mops.wlodawa.eu\/#\/schema\/logo\/image\/","url":"https:\/\/mops.wlodawa.eu\/wp-content\/uploads\/2024\/02\/header1.jpg","contentUrl":"https:\/\/mops.wlodawa.eu\/wp-content\/uploads\/2024\/02\/header1.jpg","width":970,"height":200,"caption":"MOPS W\u0142odawa"},"image":{"@id":"https:\/\/mops.wlodawa.eu\/#\/schema\/logo\/image\/"}},{"@type":"Person","@id":"https:\/\/mops.wlodawa.eu\/#\/schema\/person\/1bb056e8f67e88db50a69837560de810","name":"mops1","image":{"@type":"ImageObject","inLanguage":"pl-PL","@id":"https:\/\/secure.gravatar.com\/avatar\/459ed602c6af581e131d560389cc545771fbbd29dc8436dca950c0b23d5755f8?s=96&d=mm&r=g","url":"https:\/\/secure.gravatar.com\/avatar\/459ed602c6af581e131d560389cc545771fbbd29dc8436dca950c0b23d5755f8?s=96&d=mm&r=g","contentUrl":"https:\/\/secure.gravatar.com\/avatar\/459ed602c6af581e131d560389cc545771fbbd29dc8436dca950c0b23d5755f8?s=96&d=mm&r=g","caption":"mops1"},"sameAs":["http:\/\/nowa.mops.wlodawa.eu"],"url":"https:\/\/mops.wlodawa.eu\/?author=1"}]}},"_links":{"self":[{"href":"https:\/\/mops.wlodawa.eu\/index.php?rest_route=\/wp\/v2\/posts\/64","targetHints":{"allow":["GET"]}}],"collection":[{"href":"https:\/\/mops.wlodawa.eu\/index.php?rest_route=\/wp\/v2\/posts"}],"about":[{"href":"https:\/\/mops.wlodawa.eu\/index.php?rest_route=\/wp\/v2\/types\/post"}],"author":[{"embeddable":true,"href":"https:\/\/mops.wlodawa.eu\/index.php?rest_route=\/wp\/v2\/users\/1"}],"replies":[{"embeddable":true,"href":"https:\/\/mops.wlodawa.eu\/index.php?rest_route=%2Fwp%2Fv2%2Fcomments&post=64"}],"version-history":[{"count":1,"href":"https:\/\/mops.wlodawa.eu\/index.php?rest_route=\/wp\/v2\/posts\/64\/revisions"}],"predecessor-version":[{"id":65,"href":"https:\/\/mops.wlodawa.eu\/index.php?rest_route=\/wp\/v2\/posts\/64\/revisions\/65"}],"wp:attachment":[{"href":"https:\/\/mops.wlodawa.eu\/index.php?rest_route=%2Fwp%2Fv2%2Fmedia&parent=64"}],"wp:term":[{"taxonomy":"category","embeddable":true,"href":"https:\/\/mops.wlodawa.eu\/index.php?rest_route=%2Fwp%2Fv2%2Fcategories&post=64"},{"taxonomy":"post_tag","embeddable":true,"href":"https:\/\/mops.wlodawa.eu\/index.php?rest_route=%2Fwp%2Fv2%2Ftags&post=64"}],"curies":[{"name":"wp","href":"https:\/\/api.w.org\/{rel}","templated":true}]}}