{"id":1744,"date":"2026-08-10T09:44:34","date_gmt":"2026-08-10T07:44:34","guid":{"rendered":"https:\/\/mops.wlodawa.eu\/?p=1744"},"modified":"2026-08-10T09:44:36","modified_gmt":"2026-08-10T07:44:36","slug":"kampania-spoleczna-dziecinstwo-bez-przemocy-2026","status":"publish","type":"post","link":"https:\/\/mops.wlodawa.eu\/?p=1744","title":{"rendered":"Kampania spo\u0142eczna \u201eDzieci\u0144stwo bez Przemocy\u201d 2026"},"content":{"rendered":"\n<p class=\"wp-block-paragraph\">Informujemy, \u017ce rozpocz\u0119\u0142a si\u0119 kolejna edycja og\u00f3lnopolskiej kampanii <strong>\u201eDzieci\u0144stwo bez Przemocy\u201d<\/strong>, kt\u00f3rej celem jest mobilizowanie spo\u0142ecze\u0144stwa do przeciwdzia\u0142ania krzywdzeniu dzieci oraz wzmacnianie dzia\u0142a\u0144 edukacyjnych i profilaktycznych w tym obszarze.<\/p>\n\n\n\n<p class=\"wp-block-paragraph\">Kampania organizowana jest przez <strong>Fundacj\u0119 Dajemy Dzieciom Si\u0142\u0119<\/strong> we wsp\u00f3\u0142pracy z&nbsp;organizacjami <strong>Krajowej Koalicji na rzecz Ochrony Dzieci<\/strong>.<\/p>\n\n\n\n<p class=\"wp-block-paragraph\">Og\u00f3lnopolskimi partnerami kampanii s\u0105 m.in.: Rzeczniczka Praw Dziecka, Komenda G\u0142\u00f3wna Policji, Krajowe Centrum Przeciwdzia\u0142ania Uzale\u017cnieniom oraz Narodowy Fundusz Zdrowia.<\/p>\n\n\n\n<p class=\"wp-block-paragraph\">Niniejsza inicjatywa wpisuje si\u0119 tak\u017ce w za\u0142o\u017cenia rz\u0105dowej strategii wsp\u00f3\u0142pracy z Poloni\u0105 i&nbsp;Polakami za granic\u0105 na lata 2025\u20132030 oraz dzia\u0142ania na rzecz wsparcia polskiej diaspory, w tym w sytuacjach wymagaj\u0105cych szczeg\u00f3lnej ochrony i wsparcia.<\/p>\n\n\n\n<p class=\"wp-block-paragraph\">W ramach kampanii realizowane b\u0119d\u0105 dzia\u0142ania edukacyjne i informacyjne, w tym:<\/p>\n\n\n\n<ul class=\"wp-block-list\">\n<li>kampania medialna skierowana do szerokiego grona odbiorc\u00f3w,<\/li>\n\n\n\n<li>materia\u0142y edukacyjne dla rodzic\u00f3w, nauczycieli i specjalist\u00f3w,<\/li>\n\n\n\n<li>webinary eksperckie oraz lekcje online dla uczni\u00f3w,<\/li>\n\n\n\n<li>aktywno\u015b\u0107 w mediach spo\u0142eczno\u015bciowych.<\/li>\n<\/ul>\n\n\n\n<p class=\"wp-block-paragraph\">Zach\u0119camy do w\u0142\u0105czenia si\u0119 w kampani\u0119 poprzez:<\/p>\n\n\n\n<ul class=\"wp-block-list\">\n<li>rejestracj\u0119 na stronie internetowej kampanii,<\/li>\n\n\n\n<li>realizacj\u0119 dzia\u0142a\u0144 edukacyjnych na rzecz bezpiecznego dzieci\u0144stwa,<\/li>\n\n\n\n<li>udzia\u0142 w wydarzeniach online,<\/li>\n\n\n\n<li>upowszechnianie informacji o kampanii,<\/li>\n\n\n\n<li>symboliczne pod\u015bwietlenie siedziby na czerwono w dniu fina\u0142u.<\/li>\n<\/ul>\n\n\n\n<p class=\"wp-block-paragraph\">Rejestracja instytucji odbywa si\u0119 od czerwca 2026 r.<\/p>\n\n\n\n<p class=\"wp-block-paragraph\">Inauguracja kampanii: 5 pa\u017adziernika 2026 r. (Sejm RP)<\/p>\n\n\n\n<p class=\"wp-block-paragraph\">Czas trwania dzia\u0142a\u0144: 5 pa\u017adziernika \u2013 19 listopada 2026 r.<\/p>\n\n\n\n<p class=\"wp-block-paragraph\">Fina\u0142: 19 listopada 2026 r. \u2013 Mi\u0119dzynarodowy Dzie\u0144 Przeciwdzia\u0142ania Przemocy wobec Dzieci (symboliczne pod\u015bwietlenie budynk\u00f3w na czerwono).<\/p>\n\n\n\n<p class=\"wp-block-paragraph\">Szczeg\u00f3\u0142owe informacje oraz materia\u0142y:<\/p>\n\n\n\n<p class=\"wp-block-paragraph\"><a href=\"http:\/\/www.dziecinstwobezprzemocy.pl\/?fbclid=IwZXh0bgNhZW0CMTAAc3J0YwZhcHBfaWQQMjIyMDM5MTc4ODIwMDg5MgABHnQXFIXVOjrREVXtLROxBD-mtYn9cCI9IJWZ2_V_dY-oWlElcZGUqq3pJrbO_aem_sVPX6eRFAEAsnblb2jKPkw\" target=\"_blank\" rel=\"noreferrer noopener\">www.dziecinstwobezprzemocy.pl<\/a><\/p>\n\n\n\n<p class=\"wp-block-paragraph\">Kontakt w sprawach organizacyjnych:<\/p>\n\n\n\n<p class=\"wp-block-paragraph\">kampania@fdds.pl | +48 578 721 100<\/p>\n\n\n\n<p class=\"wp-block-paragraph\">Zach\u0119camy do zapoznania si\u0119 z inicjatyw\u0105 oraz do aktywnego udzia\u0142u w dzia\u0142aniach na rzecz ochrony dzieci, a tak\u017ce do pobrania ulotki znajduj\u0105cej si\u0119 poni\u017cej.<\/p>\n\n\n\n<p class=\"wp-block-paragraph\"><a href=\"https:\/\/rops.lubelskie.pl\/wp-content\/uploads\/2026\/08\/ulotka_wlacz_sie.pdf\">ulotka_wlacz_sie<\/a> Format pliku: <strong>PDF<\/strong> Rozmiar pliku: <strong>5 MB<\/strong><\/p>\n\n\n\n<p class=\"wp-block-paragraph\"><\/p>\n","protected":false},"excerpt":{"rendered":"<p>Informujemy, \u017ce rozpocz\u0119\u0142a si\u0119 kolejna edycja og\u00f3lnopolskiej kampanii \u201eDzieci\u0144stwo bez Przemocy\u201d, kt\u00f3rej celem jest mobilizowanie spo\u0142ecze\u0144stwa do przeciwdzia\u0142ania krzywdzeniu dzieci oraz wzmacnianie dzia\u0142a\u0144 edukacyjnych i profilaktycznych w tym obszarze. Kampania organizowana jest przez Fundacj\u0119 Dajemy Dzieciom Si\u0142\u0119 we wsp\u00f3\u0142pracy z&nbsp;organizacjami Krajowej Koalicji na rzecz Ochrony Dzieci. Og\u00f3lnopolskimi partnerami kampanii s\u0105 m.in.: Rzeczniczka Praw Dziecka, Komenda G\u0142\u00f3wna Policji, Krajowe Centrum Przeciwdzia\u0142ania Uzale\u017cnieniom oraz Narodowy Fundusz Zdrowia. Niniejsza inicjatywa wpisuje si\u0119 tak\u017ce w za\u0142o\u017cenia rz\u0105dowej strategii wsp\u00f3\u0142pracy z Poloni\u0105 i&nbsp;Polakami za granic\u0105 na lata 2025\u20132030 oraz dzia\u0142ania na rzecz wsparcia polskiej diaspory, w tym w sytuacjach wymagaj\u0105cych szczeg\u00f3lnej ochrony i wsparcia. W ramach kampanii realizowane b\u0119d\u0105 dzia\u0142ania edukacyjne i informacyjne, w tym: Zach\u0119camy do w\u0142\u0105czenia si\u0119 w kampani\u0119 poprzez: Rejestracja instytucji odbywa si\u0119 od czerwca 2026 r. Inauguracja kampanii: 5 pa\u017adziernika 2026 r. (Sejm RP) Czas trwania dzia\u0142a\u0144: 5 pa\u017adziernika \u2013 19 listopada 2026 r. Fina\u0142: 19 listopada 2026 r. \u2013 Mi\u0119dzynarodowy Dzie\u0144 Przeciwdzia\u0142ania Przemocy wobec Dzieci (symboliczne pod\u015bwietlenie budynk\u00f3w na czerwono). Szczeg\u00f3\u0142owe informacje oraz materia\u0142y: www.dziecinstwobezprzemocy.pl Kontakt w sprawach organizacyjnych: kampania@fdds.pl | +48 578 721 100 Zach\u0119camy do zapoznania si\u0119 z inicjatyw\u0105 oraz do aktywnego udzia\u0142u w dzia\u0142aniach na rzecz ochrony dzieci, a tak\u017ce do pobrania ulotki znajduj\u0105cej si\u0119 poni\u017cej. ulotka_wlacz_sie Format pliku: PDF Rozmiar pliku: 5 MB<\/p>\n","protected":false},"author":1,"featured_media":0,"comment_status":"closed","ping_status":"open","sticky":false,"template":"","format":"standard","meta":{"footnotes":""},"categories":[13,25],"tags":[],"class_list":["post-1744","post","type-post","status-publish","format-standard","hentry","category-aktualnosci","category-miejski-zespol-interdyscyplinarny"],"yoast_head":"<!-- This site is optimized with the Yoast SEO plugin v28.2 - https:\/\/yoast.com\/product\/yoast-seo-wordpress\/ -->\n<title>Kampania spo\u0142eczna \u201eDzieci\u0144stwo bez Przemocy\u201d 2026 - Miejski O\u015brodek Pomocy Spo\u0142ecznej we W\u0142odawie<\/title>\n<meta name=\"description\" content=\"W\u0142odawa, lubelskie, pomoc spo\u0142eczna, zasi\u0142ki, posi\u0142ki, \u015bwiadczenia rodzinne, dodatki mieszkaniowe, SENIOR+.\" \/>\n<meta name=\"robots\" content=\"index, follow, max-snippet:-1, max-image-preview:large, max-video-preview:-1\" \/>\n<link rel=\"canonical\" href=\"https:\/\/mops.wlodawa.eu\/?p=1744\" \/>\n<meta property=\"og:locale\" content=\"pl_PL\" \/>\n<meta property=\"og:type\" content=\"article\" \/>\n<meta property=\"og:title\" content=\"Kampania spo\u0142eczna \u201eDzieci\u0144stwo bez Przemocy\u201d 2026 - Miejski O\u015brodek Pomocy Spo\u0142ecznej we W\u0142odawie\" \/>\n<meta property=\"og:description\" content=\"W\u0142odawa, lubelskie, pomoc spo\u0142eczna, zasi\u0142ki, posi\u0142ki, \u015bwiadczenia rodzinne, dodatki mieszkaniowe, SENIOR+.\" \/>\n<meta property=\"og:url\" content=\"https:\/\/mops.wlodawa.eu\/?p=1744\" \/>\n<meta property=\"og:site_name\" content=\"Miejski O\u015brodek Pomocy Spo\u0142ecznej we W\u0142odawie\" \/>\n<meta property=\"article:published_time\" content=\"2026-08-10T07:44:34+00:00\" \/>\n<meta property=\"article:modified_time\" content=\"2026-08-10T07:44:36+00:00\" \/>\n<meta name=\"author\" content=\"mops1\" \/>\n<meta name=\"twitter:card\" content=\"summary_large_image\" \/>\n<meta name=\"twitter:label1\" content=\"Napisane przez\" \/>\n\t<meta name=\"twitter:data1\" content=\"mops1\" \/>\n\t<meta name=\"twitter:label2\" content=\"Szacowany czas czytania\" \/>\n\t<meta name=\"twitter:data2\" content=\"2 minuty\" \/>\n<script type=\"application\/ld+json\" class=\"yoast-schema-graph\">{\"@context\":\"https:\\\/\\\/schema.org\",\"@graph\":[{\"@type\":\"Article\",\"@id\":\"https:\\\/\\\/mops.wlodawa.eu\\\/?p=1744#article\",\"isPartOf\":{\"@id\":\"https:\\\/\\\/mops.wlodawa.eu\\\/?p=1744\"},\"author\":{\"name\":\"mops1\",\"@id\":\"https:\\\/\\\/mops.wlodawa.eu\\\/#\\\/schema\\\/person\\\/1bb056e8f67e88db50a69837560de810\"},\"headline\":\"Kampania spo\u0142eczna \u201eDzieci\u0144stwo bez Przemocy\u201d 2026\",\"datePublished\":\"2026-08-10T07:44:34+00:00\",\"dateModified\":\"2026-08-10T07:44:36+00:00\",\"mainEntityOfPage\":{\"@id\":\"https:\\\/\\\/mops.wlodawa.eu\\\/?p=1744\"},\"wordCount\":312,\"publisher\":{\"@id\":\"https:\\\/\\\/mops.wlodawa.eu\\\/#organization\"},\"articleSection\":[\"Aktualno\u015bci\",\"Miejski Zesp\u00f3\u0142 Interdyscyplinarny\"],\"inLanguage\":\"pl-PL\"},{\"@type\":\"WebPage\",\"@id\":\"https:\\\/\\\/mops.wlodawa.eu\\\/?p=1744\",\"url\":\"https:\\\/\\\/mops.wlodawa.eu\\\/?p=1744\",\"name\":\"Kampania spo\u0142eczna \u201eDzieci\u0144stwo bez Przemocy\u201d 2026 - Miejski O\u015brodek Pomocy Spo\u0142ecznej we W\u0142odawie\",\"isPartOf\":{\"@id\":\"https:\\\/\\\/mops.wlodawa.eu\\\/#website\"},\"datePublished\":\"2026-08-10T07:44:34+00:00\",\"dateModified\":\"2026-08-10T07:44:36+00:00\",\"description\":\"W\u0142odawa, lubelskie, pomoc spo\u0142eczna, zasi\u0142ki, posi\u0142ki, \u015bwiadczenia rodzinne, dodatki mieszkaniowe, SENIOR+.\",\"breadcrumb\":{\"@id\":\"https:\\\/\\\/mops.wlodawa.eu\\\/?p=1744#breadcrumb\"},\"inLanguage\":\"pl-PL\",\"potentialAction\":[{\"@type\":\"ReadAction\",\"target\":[\"https:\\\/\\\/mops.wlodawa.eu\\\/?p=1744\"]}]},{\"@type\":\"BreadcrumbList\",\"@id\":\"https:\\\/\\\/mops.wlodawa.eu\\\/?p=1744#breadcrumb\",\"itemListElement\":[{\"@type\":\"ListItem\",\"position\":1,\"name\":\"Strona g\u0142\u00f3wna\",\"item\":\"https:\\\/\\\/mops.wlodawa.eu\\\/\"},{\"@type\":\"ListItem\",\"position\":2,\"name\":\"Kampania spo\u0142eczna \u201eDzieci\u0144stwo bez Przemocy\u201d 2026\"}]},{\"@type\":\"WebSite\",\"@id\":\"https:\\\/\\\/mops.wlodawa.eu\\\/#website\",\"url\":\"https:\\\/\\\/mops.wlodawa.eu\\\/\",\"name\":\"Miejski O\u015brodek Pomocy Spo\u0142ecznej we W\u0142odawie\",\"description\":\"MOPS W\u0142odawa\",\"publisher\":{\"@id\":\"https:\\\/\\\/mops.wlodawa.eu\\\/#organization\"},\"alternateName\":\"MOPS W\u0142odawa\",\"potentialAction\":[{\"@type\":\"SearchAction\",\"target\":{\"@type\":\"EntryPoint\",\"urlTemplate\":\"https:\\\/\\\/mops.wlodawa.eu\\\/?s={search_term_string}\"},\"query-input\":{\"@type\":\"PropertyValueSpecification\",\"valueRequired\":true,\"valueName\":\"search_term_string\"}}],\"inLanguage\":\"pl-PL\"},{\"@type\":\"Organization\",\"@id\":\"https:\\\/\\\/mops.wlodawa.eu\\\/#organization\",\"name\":\"MOPS W\u0142odawa\",\"url\":\"https:\\\/\\\/mops.wlodawa.eu\\\/\",\"logo\":{\"@type\":\"ImageObject\",\"inLanguage\":\"pl-PL\",\"@id\":\"https:\\\/\\\/mops.wlodawa.eu\\\/#\\\/schema\\\/logo\\\/image\\\/\",\"url\":\"https:\\\/\\\/mops.wlodawa.eu\\\/wp-content\\\/uploads\\\/2024\\\/02\\\/header1.jpg\",\"contentUrl\":\"https:\\\/\\\/mops.wlodawa.eu\\\/wp-content\\\/uploads\\\/2024\\\/02\\\/header1.jpg\",\"width\":970,\"height\":200,\"caption\":\"MOPS W\u0142odawa\"},\"image\":{\"@id\":\"https:\\\/\\\/mops.wlodawa.eu\\\/#\\\/schema\\\/logo\\\/image\\\/\"}},{\"@type\":\"Person\",\"@id\":\"https:\\\/\\\/mops.wlodawa.eu\\\/#\\\/schema\\\/person\\\/1bb056e8f67e88db50a69837560de810\",\"name\":\"mops1\",\"image\":{\"@type\":\"ImageObject\",\"inLanguage\":\"pl-PL\",\"@id\":\"https:\\\/\\\/secure.gravatar.com\\\/avatar\\\/459ed602c6af581e131d560389cc545771fbbd29dc8436dca950c0b23d5755f8?s=96&d=mm&r=g\",\"url\":\"https:\\\/\\\/secure.gravatar.com\\\/avatar\\\/459ed602c6af581e131d560389cc545771fbbd29dc8436dca950c0b23d5755f8?s=96&d=mm&r=g\",\"contentUrl\":\"https:\\\/\\\/secure.gravatar.com\\\/avatar\\\/459ed602c6af581e131d560389cc545771fbbd29dc8436dca950c0b23d5755f8?s=96&d=mm&r=g\",\"caption\":\"mops1\"},\"sameAs\":[\"http:\\\/\\\/nowa.mops.wlodawa.eu\"],\"url\":\"https:\\\/\\\/mops.wlodawa.eu\\\/?author=1\"}]}<\/script>\n<!-- \/ Yoast SEO plugin. -->","yoast_head_json":{"title":"Kampania spo\u0142eczna \u201eDzieci\u0144stwo bez Przemocy\u201d 2026 - Miejski O\u015brodek Pomocy Spo\u0142ecznej we W\u0142odawie","description":"W\u0142odawa, lubelskie, pomoc spo\u0142eczna, zasi\u0142ki, posi\u0142ki, \u015bwiadczenia rodzinne, dodatki mieszkaniowe, SENIOR+.","robots":{"index":"index","follow":"follow","max-snippet":"max-snippet:-1","max-image-preview":"max-image-preview:large","max-video-preview":"max-video-preview:-1"},"canonical":"https:\/\/mops.wlodawa.eu\/?p=1744","og_locale":"pl_PL","og_type":"article","og_title":"Kampania spo\u0142eczna \u201eDzieci\u0144stwo bez Przemocy\u201d 2026 - Miejski O\u015brodek Pomocy Spo\u0142ecznej we W\u0142odawie","og_description":"W\u0142odawa, lubelskie, pomoc spo\u0142eczna, zasi\u0142ki, posi\u0142ki, \u015bwiadczenia rodzinne, dodatki mieszkaniowe, SENIOR+.","og_url":"https:\/\/mops.wlodawa.eu\/?p=1744","og_site_name":"Miejski O\u015brodek Pomocy Spo\u0142ecznej we W\u0142odawie","article_published_time":"2026-08-10T07:44:34+00:00","article_modified_time":"2026-08-10T07:44:36+00:00","author":"mops1","twitter_card":"summary_large_image","twitter_misc":{"Napisane przez":"mops1","Szacowany czas czytania":"2 minuty"},"schema":{"@context":"https:\/\/schema.org","@graph":[{"@type":"Article","@id":"https:\/\/mops.wlodawa.eu\/?p=1744#article","isPartOf":{"@id":"https:\/\/mops.wlodawa.eu\/?p=1744"},"author":{"name":"mops1","@id":"https:\/\/mops.wlodawa.eu\/#\/schema\/person\/1bb056e8f67e88db50a69837560de810"},"headline":"Kampania spo\u0142eczna \u201eDzieci\u0144stwo bez Przemocy\u201d 2026","datePublished":"2026-08-10T07:44:34+00:00","dateModified":"2026-08-10T07:44:36+00:00","mainEntityOfPage":{"@id":"https:\/\/mops.wlodawa.eu\/?p=1744"},"wordCount":312,"publisher":{"@id":"https:\/\/mops.wlodawa.eu\/#organization"},"articleSection":["Aktualno\u015bci","Miejski Zesp\u00f3\u0142 Interdyscyplinarny"],"inLanguage":"pl-PL"},{"@type":"WebPage","@id":"https:\/\/mops.wlodawa.eu\/?p=1744","url":"https:\/\/mops.wlodawa.eu\/?p=1744","name":"Kampania spo\u0142eczna \u201eDzieci\u0144stwo bez Przemocy\u201d 2026 - Miejski O\u015brodek Pomocy Spo\u0142ecznej we W\u0142odawie","isPartOf":{"@id":"https:\/\/mops.wlodawa.eu\/#website"},"datePublished":"2026-08-10T07:44:34+00:00","dateModified":"2026-08-10T07:44:36+00:00","description":"W\u0142odawa, lubelskie, pomoc spo\u0142eczna, zasi\u0142ki, posi\u0142ki, \u015bwiadczenia rodzinne, dodatki mieszkaniowe, SENIOR+.","breadcrumb":{"@id":"https:\/\/mops.wlodawa.eu\/?p=1744#breadcrumb"},"inLanguage":"pl-PL","potentialAction":[{"@type":"ReadAction","target":["https:\/\/mops.wlodawa.eu\/?p=1744"]}]},{"@type":"BreadcrumbList","@id":"https:\/\/mops.wlodawa.eu\/?p=1744#breadcrumb","itemListElement":[{"@type":"ListItem","position":1,"name":"Strona g\u0142\u00f3wna","item":"https:\/\/mops.wlodawa.eu\/"},{"@type":"ListItem","position":2,"name":"Kampania spo\u0142eczna \u201eDzieci\u0144stwo bez Przemocy\u201d 2026"}]},{"@type":"WebSite","@id":"https:\/\/mops.wlodawa.eu\/#website","url":"https:\/\/mops.wlodawa.eu\/","name":"Miejski O\u015brodek Pomocy Spo\u0142ecznej we W\u0142odawie","description":"MOPS W\u0142odawa","publisher":{"@id":"https:\/\/mops.wlodawa.eu\/#organization"},"alternateName":"MOPS W\u0142odawa","potentialAction":[{"@type":"SearchAction","target":{"@type":"EntryPoint","urlTemplate":"https:\/\/mops.wlodawa.eu\/?s={search_term_string}"},"query-input":{"@type":"PropertyValueSpecification","valueRequired":true,"valueName":"search_term_string"}}],"inLanguage":"pl-PL"},{"@type":"Organization","@id":"https:\/\/mops.wlodawa.eu\/#organization","name":"MOPS W\u0142odawa","url":"https:\/\/mops.wlodawa.eu\/","logo":{"@type":"ImageObject","inLanguage":"pl-PL","@id":"https:\/\/mops.wlodawa.eu\/#\/schema\/logo\/image\/","url":"https:\/\/mops.wlodawa.eu\/wp-content\/uploads\/2024\/02\/header1.jpg","contentUrl":"https:\/\/mops.wlodawa.eu\/wp-content\/uploads\/2024\/02\/header1.jpg","width":970,"height":200,"caption":"MOPS W\u0142odawa"},"image":{"@id":"https:\/\/mops.wlodawa.eu\/#\/schema\/logo\/image\/"}},{"@type":"Person","@id":"https:\/\/mops.wlodawa.eu\/#\/schema\/person\/1bb056e8f67e88db50a69837560de810","name":"mops1","image":{"@type":"ImageObject","inLanguage":"pl-PL","@id":"https:\/\/secure.gravatar.com\/avatar\/459ed602c6af581e131d560389cc545771fbbd29dc8436dca950c0b23d5755f8?s=96&d=mm&r=g","url":"https:\/\/secure.gravatar.com\/avatar\/459ed602c6af581e131d560389cc545771fbbd29dc8436dca950c0b23d5755f8?s=96&d=mm&r=g","contentUrl":"https:\/\/secure.gravatar.com\/avatar\/459ed602c6af581e131d560389cc545771fbbd29dc8436dca950c0b23d5755f8?s=96&d=mm&r=g","caption":"mops1"},"sameAs":["http:\/\/nowa.mops.wlodawa.eu"],"url":"https:\/\/mops.wlodawa.eu\/?author=1"}]}},"_links":{"self":[{"href":"https:\/\/mops.wlodawa.eu\/index.php?rest_route=\/wp\/v2\/posts\/1744","targetHints":{"allow":["GET"]}}],"collection":[{"href":"https:\/\/mops.wlodawa.eu\/index.php?rest_route=\/wp\/v2\/posts"}],"about":[{"href":"https:\/\/mops.wlodawa.eu\/index.php?rest_route=\/wp\/v2\/types\/post"}],"author":[{"embeddable":true,"href":"https:\/\/mops.wlodawa.eu\/index.php?rest_route=\/wp\/v2\/users\/1"}],"replies":[{"embeddable":true,"href":"https:\/\/mops.wlodawa.eu\/index.php?rest_route=%2Fwp%2Fv2%2Fcomments&post=1744"}],"version-history":[{"count":1,"href":"https:\/\/mops.wlodawa.eu\/index.php?rest_route=\/wp\/v2\/posts\/1744\/revisions"}],"predecessor-version":[{"id":1745,"href":"https:\/\/mops.wlodawa.eu\/index.php?rest_route=\/wp\/v2\/posts\/1744\/revisions\/1745"}],"wp:attachment":[{"href":"https:\/\/mops.wlodawa.eu\/index.php?rest_route=%2Fwp%2Fv2%2Fmedia&parent=1744"}],"wp:term":[{"taxonomy":"category","embeddable":true,"href":"https:\/\/mops.wlodawa.eu\/index.php?rest_route=%2Fwp%2Fv2%2Fcategories&post=1744"},{"taxonomy":"post_tag","embeddable":true,"href":"https:\/\/mops.wlodawa.eu\/index.php?rest_route=%2Fwp%2Fv2%2Ftags&post=1744"}],"curies":[{"name":"wp","href":"https:\/\/api.w.org\/{rel}","templated":true}]}}