{"id":1078,"date":"2024-02-21T09:29:00","date_gmt":"2024-02-21T08:29:00","guid":{"rendered":"https:\/\/mops.wlodawa.eu\/?p=1078"},"modified":"2025-01-03T09:30:31","modified_gmt":"2025-01-03T08:30:31","slug":"program-asystent-osobisty-osoby-z-niepelnosprawnoscia-dla-jednostek-samorzadu-terytorialnego-edycja-2024-2","status":"publish","type":"post","link":"https:\/\/mops.wlodawa.eu\/?p=1078","title":{"rendered":"Program \u201eAsystent osobisty osoby z niepe\u0142nosprawno\u015bci\u0105\u201d dla Jednostek Samorz\u0105du Terytorialnego \u2013 edycja 2024"},"content":{"rendered":"<div class=\"wp-block-image\">\n<figure data-wp-context=\"{&quot;imageId&quot;:&quot;69f3456876fb1&quot;}\" data-wp-interactive=\"core\/image\" data-wp-key=\"69f3456876fb1\" class=\"aligncenter size-large wp-lightbox-container\"><img decoding=\"async\" width=\"724\" height=\"1024\" data-wp-class--hide=\"state.isContentHidden\" data-wp-class--show=\"state.isContentVisible\" data-wp-init=\"callbacks.setButtonStyles\" data-wp-on--click=\"actions.showLightbox\" data-wp-on--load=\"callbacks.setButtonStyles\" data-wp-on-window--resize=\"callbacks.setButtonStyles\" src=\"https:\/\/mops.wlodawa.eu\/wp-content\/uploads\/2025\/01\/Asystent-plakat-edycja-2024_na_strone-724x1024.jpg\" alt=\"\" class=\"wp-image-1079\" srcset=\"https:\/\/mops.wlodawa.eu\/wp-content\/uploads\/2025\/01\/Asystent-plakat-edycja-2024_na_strone-724x1024.jpg 724w, https:\/\/mops.wlodawa.eu\/wp-content\/uploads\/2025\/01\/Asystent-plakat-edycja-2024_na_strone-212x300.jpg 212w, https:\/\/mops.wlodawa.eu\/wp-content\/uploads\/2025\/01\/Asystent-plakat-edycja-2024_na_strone-768x1087.jpg 768w, https:\/\/mops.wlodawa.eu\/wp-content\/uploads\/2025\/01\/Asystent-plakat-edycja-2024_na_strone-1086x1536.jpg 1086w, https:\/\/mops.wlodawa.eu\/wp-content\/uploads\/2025\/01\/Asystent-plakat-edycja-2024_na_strone-1447x2048.jpg 1447w, https:\/\/mops.wlodawa.eu\/wp-content\/uploads\/2025\/01\/Asystent-plakat-edycja-2024_na_strone-1140x1613.jpg 1140w, https:\/\/mops.wlodawa.eu\/wp-content\/uploads\/2025\/01\/Asystent-plakat-edycja-2024_na_strone.jpg 1800w\" sizes=\"(max-width: 724px) 100vw, 724px\" \/><button\n\t\t\tclass=\"lightbox-trigger\"\n\t\t\ttype=\"button\"\n\t\t\taria-haspopup=\"dialog\"\n\t\t\taria-label=\"Powi\u0119ksz\"\n\t\t\tdata-wp-init=\"callbacks.initTriggerButton\"\n\t\t\tdata-wp-on--click=\"actions.showLightbox\"\n\t\t\tdata-wp-style--right=\"state.imageButtonRight\"\n\t\t\tdata-wp-style--top=\"state.imageButtonTop\"\n\t\t>\n\t\t\t<svg xmlns=\"http:\/\/www.w3.org\/2000\/svg\" width=\"12\" height=\"12\" fill=\"none\" viewBox=\"0 0 12 12\">\n\t\t\t\t<path fill=\"#fff\" d=\"M2 0a2 2 0 0 0-2 2v2h1.5V2a.5.5 0 0 1 .5-.5h2V0H2Zm2 10.5H2a.5.5 0 0 1-.5-.5V8H0v2a2 2 0 0 0 2 2h2v-1.5ZM8 12v-1.5h2a.5.5 0 0 0 .5-.5V8H12v2a2 2 0 0 1-2 2H8Zm2-12a2 2 0 0 1 2 2v2h-1.5V2a.5.5 0 0 0-.5-.5H8V0h2Z\" \/>\n\t\t\t<\/svg>\n\t\t<\/button><\/figure>\n<\/div>","protected":false},"excerpt":{"rendered":"","protected":false},"author":1,"featured_media":0,"comment_status":"closed","ping_status":"open","sticky":false,"template":"","format":"standard","meta":{"footnotes":""},"categories":[13,24],"tags":[],"class_list":["post-1078","post","type-post","status-publish","format-standard","hentry","category-aktualnosci","category-program-asystent-osobisty-osoby-z-niepelnosprawnoscia"],"yoast_head":"<!-- This site is optimized with the Yoast SEO plugin v27.0 - https:\/\/yoast.com\/product\/yoast-seo-wordpress\/ -->\n<title>Program \u201eAsystent osobisty osoby z niepe\u0142nosprawno\u015bci\u0105\u201d dla Jednostek Samorz\u0105du Terytorialnego \u2013 edycja 2024 - Miejski O\u015brodek Pomocy Spo\u0142ecznej we W\u0142odawie<\/title>\n<meta name=\"description\" content=\"W\u0142odawa, lubelskie, pomoc spo\u0142eczna, zasi\u0142ki, posi\u0142ki, \u015bwiadczenia rodzinne, dodatki mieszkaniowe, SENIOR+.\" \/>\n<meta name=\"robots\" content=\"index, follow, max-snippet:-1, max-image-preview:large, max-video-preview:-1\" \/>\n<link rel=\"canonical\" href=\"http:\/\/mops.wlodawa.eu\/?p=1078\" \/>\n<meta property=\"og:locale\" content=\"pl_PL\" \/>\n<meta property=\"og:type\" content=\"article\" \/>\n<meta property=\"og:title\" content=\"Program \u201eAsystent osobisty osoby z niepe\u0142nosprawno\u015bci\u0105\u201d dla Jednostek Samorz\u0105du Terytorialnego \u2013 edycja 2024 - Miejski O\u015brodek Pomocy Spo\u0142ecznej we W\u0142odawie\" \/>\n<meta property=\"og:description\" content=\"W\u0142odawa, lubelskie, pomoc spo\u0142eczna, zasi\u0142ki, posi\u0142ki, \u015bwiadczenia rodzinne, dodatki mieszkaniowe, SENIOR+.\" \/>\n<meta property=\"og:url\" content=\"http:\/\/mops.wlodawa.eu\/?p=1078\" \/>\n<meta property=\"og:site_name\" content=\"Miejski O\u015brodek Pomocy Spo\u0142ecznej we W\u0142odawie\" \/>\n<meta property=\"article:published_time\" content=\"2024-02-21T08:29:00+00:00\" \/>\n<meta property=\"article:modified_time\" content=\"2025-01-03T08:30:31+00:00\" \/>\n<meta property=\"og:image\" content=\"https:\/\/mops.wlodawa.eu\/wp-content\/uploads\/2025\/01\/Asystent-plakat-edycja-2024_na_strone-724x1024.jpg\" \/>\n<meta name=\"author\" content=\"mops1\" \/>\n<meta name=\"twitter:card\" content=\"summary_large_image\" \/>\n<meta name=\"twitter:label1\" content=\"Napisane przez\" \/>\n\t<meta name=\"twitter:data1\" content=\"mops1\" \/>\n\t<meta name=\"twitter:label2\" content=\"Szacowany czas czytania\" \/>\n\t<meta name=\"twitter:data2\" content=\"1 minuta\" \/>\n<script type=\"application\/ld+json\" class=\"yoast-schema-graph\">{\"@context\":\"https:\/\/schema.org\",\"@graph\":[{\"@type\":\"Article\",\"@id\":\"http:\/\/mops.wlodawa.eu\/?p=1078#article\",\"isPartOf\":{\"@id\":\"http:\/\/mops.wlodawa.eu\/?p=1078\"},\"author\":{\"name\":\"mops1\",\"@id\":\"http:\/\/mops.wlodawa.eu\/#\/schema\/person\/1bb056e8f67e88db50a69837560de810\"},\"headline\":\"Program \u201eAsystent osobisty osoby z niepe\u0142nosprawno\u015bci\u0105\u201d dla Jednostek Samorz\u0105du Terytorialnego \u2013 edycja 2024\",\"datePublished\":\"2024-02-21T08:29:00+00:00\",\"dateModified\":\"2025-01-03T08:30:31+00:00\",\"mainEntityOfPage\":{\"@id\":\"http:\/\/mops.wlodawa.eu\/?p=1078\"},\"wordCount\":14,\"publisher\":{\"@id\":\"http:\/\/mops.wlodawa.eu\/#organization\"},\"image\":{\"@id\":\"http:\/\/mops.wlodawa.eu\/?p=1078#primaryimage\"},\"thumbnailUrl\":\"https:\/\/mops.wlodawa.eu\/wp-content\/uploads\/2025\/01\/Asystent-plakat-edycja-2024_na_strone-724x1024.jpg\",\"articleSection\":[\"Aktualno\u015bci\",\"Program \\\"Asystent osobisty osoby z niepe\u0142nosprawno\u015bci\u0105\u201d edycja 2024\"],\"inLanguage\":\"pl-PL\"},{\"@type\":\"WebPage\",\"@id\":\"http:\/\/mops.wlodawa.eu\/?p=1078\",\"url\":\"http:\/\/mops.wlodawa.eu\/?p=1078\",\"name\":\"Program \u201eAsystent osobisty osoby z niepe\u0142nosprawno\u015bci\u0105\u201d dla Jednostek Samorz\u0105du Terytorialnego \u2013 edycja 2024 - Miejski O\u015brodek Pomocy Spo\u0142ecznej we W\u0142odawie\",\"isPartOf\":{\"@id\":\"http:\/\/mops.wlodawa.eu\/#website\"},\"primaryImageOfPage\":{\"@id\":\"http:\/\/mops.wlodawa.eu\/?p=1078#primaryimage\"},\"image\":{\"@id\":\"http:\/\/mops.wlodawa.eu\/?p=1078#primaryimage\"},\"thumbnailUrl\":\"https:\/\/mops.wlodawa.eu\/wp-content\/uploads\/2025\/01\/Asystent-plakat-edycja-2024_na_strone-724x1024.jpg\",\"datePublished\":\"2024-02-21T08:29:00+00:00\",\"dateModified\":\"2025-01-03T08:30:31+00:00\",\"description\":\"W\u0142odawa, lubelskie, pomoc spo\u0142eczna, zasi\u0142ki, posi\u0142ki, \u015bwiadczenia rodzinne, dodatki mieszkaniowe, SENIOR+.\",\"breadcrumb\":{\"@id\":\"http:\/\/mops.wlodawa.eu\/?p=1078#breadcrumb\"},\"inLanguage\":\"pl-PL\",\"potentialAction\":[{\"@type\":\"ReadAction\",\"target\":[\"http:\/\/mops.wlodawa.eu\/?p=1078\"]}]},{\"@type\":\"ImageObject\",\"inLanguage\":\"pl-PL\",\"@id\":\"http:\/\/mops.wlodawa.eu\/?p=1078#primaryimage\",\"url\":\"https:\/\/mops.wlodawa.eu\/wp-content\/uploads\/2025\/01\/Asystent-plakat-edycja-2024_na_strone.jpg\",\"contentUrl\":\"https:\/\/mops.wlodawa.eu\/wp-content\/uploads\/2025\/01\/Asystent-plakat-edycja-2024_na_strone.jpg\",\"width\":1800,\"height\":2547},{\"@type\":\"BreadcrumbList\",\"@id\":\"http:\/\/mops.wlodawa.eu\/?p=1078#breadcrumb\",\"itemListElement\":[{\"@type\":\"ListItem\",\"position\":1,\"name\":\"Strona g\u0142\u00f3wna\",\"item\":\"http:\/\/mops.wlodawa.eu\/\"},{\"@type\":\"ListItem\",\"position\":2,\"name\":\"Program \u201eAsystent osobisty osoby z niepe\u0142nosprawno\u015bci\u0105\u201d dla Jednostek Samorz\u0105du Terytorialnego \u2013 edycja 2024\"}]},{\"@type\":\"WebSite\",\"@id\":\"http:\/\/mops.wlodawa.eu\/#website\",\"url\":\"http:\/\/mops.wlodawa.eu\/\",\"name\":\"Miejski O\u015brodek Pomocy Spo\u0142ecznej we W\u0142odawie\",\"description\":\"MOPS W\u0142odawa\",\"publisher\":{\"@id\":\"http:\/\/mops.wlodawa.eu\/#organization\"},\"alternateName\":\"MOPS W\u0142odawa\",\"potentialAction\":[{\"@type\":\"SearchAction\",\"target\":{\"@type\":\"EntryPoint\",\"urlTemplate\":\"http:\/\/mops.wlodawa.eu\/?s={search_term_string}\"},\"query-input\":{\"@type\":\"PropertyValueSpecification\",\"valueRequired\":true,\"valueName\":\"search_term_string\"}}],\"inLanguage\":\"pl-PL\"},{\"@type\":\"Organization\",\"@id\":\"http:\/\/mops.wlodawa.eu\/#organization\",\"name\":\"MOPS W\u0142odawa\",\"url\":\"http:\/\/mops.wlodawa.eu\/\",\"logo\":{\"@type\":\"ImageObject\",\"inLanguage\":\"pl-PL\",\"@id\":\"http:\/\/mops.wlodawa.eu\/#\/schema\/logo\/image\/\",\"url\":\"https:\/\/mops.wlodawa.eu\/wp-content\/uploads\/2024\/02\/header1.jpg\",\"contentUrl\":\"https:\/\/mops.wlodawa.eu\/wp-content\/uploads\/2024\/02\/header1.jpg\",\"width\":970,\"height\":200,\"caption\":\"MOPS W\u0142odawa\"},\"image\":{\"@id\":\"http:\/\/mops.wlodawa.eu\/#\/schema\/logo\/image\/\"}},{\"@type\":\"Person\",\"@id\":\"http:\/\/mops.wlodawa.eu\/#\/schema\/person\/1bb056e8f67e88db50a69837560de810\",\"name\":\"mops1\",\"image\":{\"@type\":\"ImageObject\",\"inLanguage\":\"pl-PL\",\"@id\":\"http:\/\/mops.wlodawa.eu\/#\/schema\/person\/image\/\",\"url\":\"https:\/\/secure.gravatar.com\/avatar\/459ed602c6af581e131d560389cc545771fbbd29dc8436dca950c0b23d5755f8?s=96&d=mm&r=g\",\"contentUrl\":\"https:\/\/secure.gravatar.com\/avatar\/459ed602c6af581e131d560389cc545771fbbd29dc8436dca950c0b23d5755f8?s=96&d=mm&r=g\",\"caption\":\"mops1\"},\"sameAs\":[\"http:\/\/nowa.mops.wlodawa.eu\"],\"url\":\"https:\/\/mops.wlodawa.eu\/?author=1\"}]}<\/script>\n<!-- \/ Yoast SEO plugin. -->","yoast_head_json":{"title":"Program \u201eAsystent osobisty osoby z niepe\u0142nosprawno\u015bci\u0105\u201d dla Jednostek Samorz\u0105du Terytorialnego \u2013 edycja 2024 - Miejski O\u015brodek Pomocy Spo\u0142ecznej we W\u0142odawie","description":"W\u0142odawa, lubelskie, pomoc spo\u0142eczna, zasi\u0142ki, posi\u0142ki, \u015bwiadczenia rodzinne, dodatki mieszkaniowe, SENIOR+.","robots":{"index":"index","follow":"follow","max-snippet":"max-snippet:-1","max-image-preview":"max-image-preview:large","max-video-preview":"max-video-preview:-1"},"canonical":"http:\/\/mops.wlodawa.eu\/?p=1078","og_locale":"pl_PL","og_type":"article","og_title":"Program \u201eAsystent osobisty osoby z niepe\u0142nosprawno\u015bci\u0105\u201d dla Jednostek Samorz\u0105du Terytorialnego \u2013 edycja 2024 - Miejski O\u015brodek Pomocy Spo\u0142ecznej we W\u0142odawie","og_description":"W\u0142odawa, lubelskie, pomoc spo\u0142eczna, zasi\u0142ki, posi\u0142ki, \u015bwiadczenia rodzinne, dodatki mieszkaniowe, SENIOR+.","og_url":"http:\/\/mops.wlodawa.eu\/?p=1078","og_site_name":"Miejski O\u015brodek Pomocy Spo\u0142ecznej we W\u0142odawie","article_published_time":"2024-02-21T08:29:00+00:00","article_modified_time":"2025-01-03T08:30:31+00:00","og_image":[{"url":"https:\/\/mops.wlodawa.eu\/wp-content\/uploads\/2025\/01\/Asystent-plakat-edycja-2024_na_strone-724x1024.jpg","type":"","width":"","height":""}],"author":"mops1","twitter_card":"summary_large_image","twitter_misc":{"Napisane przez":"mops1","Szacowany czas czytania":"1 minuta"},"schema":{"@context":"https:\/\/schema.org","@graph":[{"@type":"Article","@id":"http:\/\/mops.wlodawa.eu\/?p=1078#article","isPartOf":{"@id":"http:\/\/mops.wlodawa.eu\/?p=1078"},"author":{"name":"mops1","@id":"http:\/\/mops.wlodawa.eu\/#\/schema\/person\/1bb056e8f67e88db50a69837560de810"},"headline":"Program \u201eAsystent osobisty osoby z niepe\u0142nosprawno\u015bci\u0105\u201d dla Jednostek Samorz\u0105du Terytorialnego \u2013 edycja 2024","datePublished":"2024-02-21T08:29:00+00:00","dateModified":"2025-01-03T08:30:31+00:00","mainEntityOfPage":{"@id":"http:\/\/mops.wlodawa.eu\/?p=1078"},"wordCount":14,"publisher":{"@id":"http:\/\/mops.wlodawa.eu\/#organization"},"image":{"@id":"http:\/\/mops.wlodawa.eu\/?p=1078#primaryimage"},"thumbnailUrl":"https:\/\/mops.wlodawa.eu\/wp-content\/uploads\/2025\/01\/Asystent-plakat-edycja-2024_na_strone-724x1024.jpg","articleSection":["Aktualno\u015bci","Program \"Asystent osobisty osoby z niepe\u0142nosprawno\u015bci\u0105\u201d edycja 2024"],"inLanguage":"pl-PL"},{"@type":"WebPage","@id":"http:\/\/mops.wlodawa.eu\/?p=1078","url":"http:\/\/mops.wlodawa.eu\/?p=1078","name":"Program \u201eAsystent osobisty osoby z niepe\u0142nosprawno\u015bci\u0105\u201d dla Jednostek Samorz\u0105du Terytorialnego \u2013 edycja 2024 - Miejski O\u015brodek Pomocy Spo\u0142ecznej we W\u0142odawie","isPartOf":{"@id":"http:\/\/mops.wlodawa.eu\/#website"},"primaryImageOfPage":{"@id":"http:\/\/mops.wlodawa.eu\/?p=1078#primaryimage"},"image":{"@id":"http:\/\/mops.wlodawa.eu\/?p=1078#primaryimage"},"thumbnailUrl":"https:\/\/mops.wlodawa.eu\/wp-content\/uploads\/2025\/01\/Asystent-plakat-edycja-2024_na_strone-724x1024.jpg","datePublished":"2024-02-21T08:29:00+00:00","dateModified":"2025-01-03T08:30:31+00:00","description":"W\u0142odawa, lubelskie, pomoc spo\u0142eczna, zasi\u0142ki, posi\u0142ki, \u015bwiadczenia rodzinne, dodatki mieszkaniowe, SENIOR+.","breadcrumb":{"@id":"http:\/\/mops.wlodawa.eu\/?p=1078#breadcrumb"},"inLanguage":"pl-PL","potentialAction":[{"@type":"ReadAction","target":["http:\/\/mops.wlodawa.eu\/?p=1078"]}]},{"@type":"ImageObject","inLanguage":"pl-PL","@id":"http:\/\/mops.wlodawa.eu\/?p=1078#primaryimage","url":"https:\/\/mops.wlodawa.eu\/wp-content\/uploads\/2025\/01\/Asystent-plakat-edycja-2024_na_strone.jpg","contentUrl":"https:\/\/mops.wlodawa.eu\/wp-content\/uploads\/2025\/01\/Asystent-plakat-edycja-2024_na_strone.jpg","width":1800,"height":2547},{"@type":"BreadcrumbList","@id":"http:\/\/mops.wlodawa.eu\/?p=1078#breadcrumb","itemListElement":[{"@type":"ListItem","position":1,"name":"Strona g\u0142\u00f3wna","item":"http:\/\/mops.wlodawa.eu\/"},{"@type":"ListItem","position":2,"name":"Program \u201eAsystent osobisty osoby z niepe\u0142nosprawno\u015bci\u0105\u201d dla Jednostek Samorz\u0105du Terytorialnego \u2013 edycja 2024"}]},{"@type":"WebSite","@id":"http:\/\/mops.wlodawa.eu\/#website","url":"http:\/\/mops.wlodawa.eu\/","name":"Miejski O\u015brodek Pomocy Spo\u0142ecznej we W\u0142odawie","description":"MOPS W\u0142odawa","publisher":{"@id":"http:\/\/mops.wlodawa.eu\/#organization"},"alternateName":"MOPS W\u0142odawa","potentialAction":[{"@type":"SearchAction","target":{"@type":"EntryPoint","urlTemplate":"http:\/\/mops.wlodawa.eu\/?s={search_term_string}"},"query-input":{"@type":"PropertyValueSpecification","valueRequired":true,"valueName":"search_term_string"}}],"inLanguage":"pl-PL"},{"@type":"Organization","@id":"http:\/\/mops.wlodawa.eu\/#organization","name":"MOPS W\u0142odawa","url":"http:\/\/mops.wlodawa.eu\/","logo":{"@type":"ImageObject","inLanguage":"pl-PL","@id":"http:\/\/mops.wlodawa.eu\/#\/schema\/logo\/image\/","url":"https:\/\/mops.wlodawa.eu\/wp-content\/uploads\/2024\/02\/header1.jpg","contentUrl":"https:\/\/mops.wlodawa.eu\/wp-content\/uploads\/2024\/02\/header1.jpg","width":970,"height":200,"caption":"MOPS W\u0142odawa"},"image":{"@id":"http:\/\/mops.wlodawa.eu\/#\/schema\/logo\/image\/"}},{"@type":"Person","@id":"http:\/\/mops.wlodawa.eu\/#\/schema\/person\/1bb056e8f67e88db50a69837560de810","name":"mops1","image":{"@type":"ImageObject","inLanguage":"pl-PL","@id":"http:\/\/mops.wlodawa.eu\/#\/schema\/person\/image\/","url":"https:\/\/secure.gravatar.com\/avatar\/459ed602c6af581e131d560389cc545771fbbd29dc8436dca950c0b23d5755f8?s=96&d=mm&r=g","contentUrl":"https:\/\/secure.gravatar.com\/avatar\/459ed602c6af581e131d560389cc545771fbbd29dc8436dca950c0b23d5755f8?s=96&d=mm&r=g","caption":"mops1"},"sameAs":["http:\/\/nowa.mops.wlodawa.eu"],"url":"https:\/\/mops.wlodawa.eu\/?author=1"}]}},"_links":{"self":[{"href":"https:\/\/mops.wlodawa.eu\/index.php?rest_route=\/wp\/v2\/posts\/1078","targetHints":{"allow":["GET"]}}],"collection":[{"href":"https:\/\/mops.wlodawa.eu\/index.php?rest_route=\/wp\/v2\/posts"}],"about":[{"href":"https:\/\/mops.wlodawa.eu\/index.php?rest_route=\/wp\/v2\/types\/post"}],"author":[{"embeddable":true,"href":"https:\/\/mops.wlodawa.eu\/index.php?rest_route=\/wp\/v2\/users\/1"}],"replies":[{"embeddable":true,"href":"https:\/\/mops.wlodawa.eu\/index.php?rest_route=%2Fwp%2Fv2%2Fcomments&post=1078"}],"version-history":[{"count":1,"href":"https:\/\/mops.wlodawa.eu\/index.php?rest_route=\/wp\/v2\/posts\/1078\/revisions"}],"predecessor-version":[{"id":1080,"href":"https:\/\/mops.wlodawa.eu\/index.php?rest_route=\/wp\/v2\/posts\/1078\/revisions\/1080"}],"wp:attachment":[{"href":"https:\/\/mops.wlodawa.eu\/index.php?rest_route=%2Fwp%2Fv2%2Fmedia&parent=1078"}],"wp:term":[{"taxonomy":"category","embeddable":true,"href":"https:\/\/mops.wlodawa.eu\/index.php?rest_route=%2Fwp%2Fv2%2Fcategories&post=1078"},{"taxonomy":"post_tag","embeddable":true,"href":"https:\/\/mops.wlodawa.eu\/index.php?rest_route=%2Fwp%2Fv2%2Ftags&post=1078"}],"curies":[{"name":"wp","href":"https:\/\/api.w.org\/{rel}","templated":true}]}}