{"id":820,"date":"2023-03-23T07:47:00","date_gmt":"2023-03-23T06:47:00","guid":{"rendered":"https:\/\/mops.wlodawa.eu\/?p=820"},"modified":"2024-08-20T07:48:47","modified_gmt":"2024-08-20T05:48:47","slug":"nabor-uczestnikow-programu-asystent-osobisty-osoby-niepelnosprawnej-edycja-2023","status":"publish","type":"post","link":"http:\/\/mops.wlodawa.eu\/?p=820","title":{"rendered":"Nab\u00f3r uczestnik\u00f3w Programu &#8222;Asystent osobisty osoby niepe\u0142nosprawnej&#8221; &#8211; edycja 2023"},"content":{"rendered":"\n<p>W dniu 14 marca 2023 r. zako\u0144czono nab\u00f3r uczestnik\u00f3w Programu \u201eAsystent osobisty osoby niepe\u0142nosprawnej\u201d \u2013 edycja 2023, realizowanego na terenie gminy miejskiej W\u0142odawa.<\/p>\n\n\n\n<p>Zgodnie z umow\u0105 dot. realizacji ww. zadania, w Programie przewidziano udzia\u0142 55 os\u00f3b z niepe\u0142nosprawno\u015bci\u0105. Oznacza to, \u017ce ka\u017cda kolejna osoba, kt\u00f3ra z\u0142o\u017cy\u0142a lub z\u0142o\u017cy Kart\u0119 zg\u0142oszenia do Programy \u201eAsystent osobisty osoby niepe\u0142nosprawnej\u201d \u2013 edycja 2023, zostanie wpisana na list\u0119 rezerwow\u0105.<\/p>\n\n\n\n<p class=\"has-text-align-right\"><br>&nbsp; &nbsp; &nbsp; &nbsp;\/-\/ Anna Borkowska-\u0141u\u0107<br>&nbsp; &nbsp;Dyrektor Miejskiego O\u015brodka<br>Pomocy Spo\u0142ecznej we W\u0142odawie<\/p>\n","protected":false},"excerpt":{"rendered":"<p>W dniu 14 marca 2023 r. zako\u0144czono nab\u00f3r uczestnik\u00f3w Programu \u201eAsystent osobisty osoby niepe\u0142nosprawnej\u201d \u2013 edycja 2023, realizowanego na terenie gminy miejskiej W\u0142odawa. Zgodnie z umow\u0105 dot. realizacji ww. zadania, w Programie przewidziano udzia\u0142 55 os\u00f3b z niepe\u0142nosprawno\u015bci\u0105. Oznacza to, \u017ce ka\u017cda kolejna osoba, kt\u00f3ra z\u0142o\u017cy\u0142a lub z\u0142o\u017cy Kart\u0119 zg\u0142oszenia do Programy \u201eAsystent osobisty osoby niepe\u0142nosprawnej\u201d \u2013 edycja 2023, zostanie wpisana na list\u0119 rezerwow\u0105. &nbsp; &nbsp; &nbsp; &nbsp;\/-\/ Anna Borkowska-\u0141u\u0107&nbsp; &nbsp;Dyrektor Miejskiego O\u015brodkaPomocy Spo\u0142ecznej we W\u0142odawie<\/p>\n","protected":false},"author":1,"featured_media":0,"comment_status":"closed","ping_status":"open","sticky":false,"template":"","format":"standard","meta":{"footnotes":""},"categories":[27],"tags":[],"class_list":["post-820","post","type-post","status-publish","format-standard","hentry","category-program-asystent-osobisty-osoby-z-niepelnosprawnoscia-edycja-2023"],"yoast_head":"<!-- This site is optimized with the Yoast SEO plugin v27.0 - https:\/\/yoast.com\/product\/yoast-seo-wordpress\/ -->\n<title>Nab\u00f3r uczestnik\u00f3w Programu &quot;Asystent osobisty osoby niepe\u0142nosprawnej&quot; - edycja 2023 - Miejski O\u015brodek Pomocy Spo\u0142ecznej we W\u0142odawie<\/title>\n<meta name=\"description\" content=\"W\u0142odawa, lubelskie, pomoc spo\u0142eczna, zasi\u0142ki, posi\u0142ki, \u015bwiadczenia rodzinne, dodatki mieszkaniowe, SENIOR+.\" \/>\n<meta name=\"robots\" content=\"index, follow, max-snippet:-1, max-image-preview:large, max-video-preview:-1\" \/>\n<link rel=\"canonical\" href=\"http:\/\/mops.wlodawa.eu\/?p=820\" \/>\n<meta property=\"og:locale\" content=\"pl_PL\" \/>\n<meta property=\"og:type\" content=\"article\" \/>\n<meta property=\"og:title\" content=\"Nab\u00f3r uczestnik\u00f3w Programu &quot;Asystent osobisty osoby niepe\u0142nosprawnej&quot; - edycja 2023 - Miejski O\u015brodek Pomocy Spo\u0142ecznej we W\u0142odawie\" \/>\n<meta property=\"og:description\" content=\"W\u0142odawa, lubelskie, pomoc spo\u0142eczna, zasi\u0142ki, posi\u0142ki, \u015bwiadczenia rodzinne, dodatki mieszkaniowe, SENIOR+.\" \/>\n<meta property=\"og:url\" content=\"http:\/\/mops.wlodawa.eu\/?p=820\" \/>\n<meta property=\"og:site_name\" content=\"Miejski O\u015brodek Pomocy Spo\u0142ecznej we W\u0142odawie\" \/>\n<meta property=\"article:published_time\" content=\"2023-03-23T06:47:00+00:00\" \/>\n<meta property=\"article:modified_time\" content=\"2024-08-20T05:48:47+00:00\" \/>\n<meta name=\"author\" content=\"mops1\" \/>\n<meta name=\"twitter:card\" content=\"summary_large_image\" \/>\n<meta name=\"twitter:label1\" content=\"Napisane przez\" \/>\n\t<meta name=\"twitter:data1\" content=\"mops1\" \/>\n\t<meta name=\"twitter:label2\" content=\"Szacowany czas czytania\" \/>\n\t<meta name=\"twitter:data2\" content=\"1 minuta\" \/>\n<script type=\"application\/ld+json\" class=\"yoast-schema-graph\">{\"@context\":\"https:\/\/schema.org\",\"@graph\":[{\"@type\":\"Article\",\"@id\":\"http:\/\/mops.wlodawa.eu\/?p=820#article\",\"isPartOf\":{\"@id\":\"http:\/\/mops.wlodawa.eu\/?p=820\"},\"author\":{\"name\":\"mops1\",\"@id\":\"https:\/\/mops.wlodawa.eu\/#\/schema\/person\/1bb056e8f67e88db50a69837560de810\"},\"headline\":\"Nab\u00f3r uczestnik\u00f3w Programu &#8222;Asystent osobisty osoby niepe\u0142nosprawnej&#8221; &#8211; edycja 2023\",\"datePublished\":\"2023-03-23T06:47:00+00:00\",\"dateModified\":\"2024-08-20T05:48:47+00:00\",\"mainEntityOfPage\":{\"@id\":\"http:\/\/mops.wlodawa.eu\/?p=820\"},\"wordCount\":105,\"publisher\":{\"@id\":\"https:\/\/mops.wlodawa.eu\/#organization\"},\"articleSection\":[\"Program \u201eAsystent osobisty osoby z niepe\u0142nosprawno\u015bci\u0105\u201d edycja 2023\"],\"inLanguage\":\"pl-PL\"},{\"@type\":\"WebPage\",\"@id\":\"http:\/\/mops.wlodawa.eu\/?p=820\",\"url\":\"http:\/\/mops.wlodawa.eu\/?p=820\",\"name\":\"Nab\u00f3r uczestnik\u00f3w Programu \\\"Asystent osobisty osoby niepe\u0142nosprawnej\\\" - edycja 2023 - Miejski O\u015brodek Pomocy Spo\u0142ecznej we W\u0142odawie\",\"isPartOf\":{\"@id\":\"https:\/\/mops.wlodawa.eu\/#website\"},\"datePublished\":\"2023-03-23T06:47:00+00:00\",\"dateModified\":\"2024-08-20T05:48:47+00:00\",\"description\":\"W\u0142odawa, lubelskie, pomoc spo\u0142eczna, zasi\u0142ki, posi\u0142ki, \u015bwiadczenia rodzinne, dodatki mieszkaniowe, SENIOR+.\",\"breadcrumb\":{\"@id\":\"http:\/\/mops.wlodawa.eu\/?p=820#breadcrumb\"},\"inLanguage\":\"pl-PL\",\"potentialAction\":[{\"@type\":\"ReadAction\",\"target\":[\"http:\/\/mops.wlodawa.eu\/?p=820\"]}]},{\"@type\":\"BreadcrumbList\",\"@id\":\"http:\/\/mops.wlodawa.eu\/?p=820#breadcrumb\",\"itemListElement\":[{\"@type\":\"ListItem\",\"position\":1,\"name\":\"Strona g\u0142\u00f3wna\",\"item\":\"https:\/\/mops.wlodawa.eu\/\"},{\"@type\":\"ListItem\",\"position\":2,\"name\":\"Nab\u00f3r uczestnik\u00f3w Programu &#8222;Asystent osobisty osoby niepe\u0142nosprawnej&#8221; &#8211; edycja 2023\"}]},{\"@type\":\"WebSite\",\"@id\":\"https:\/\/mops.wlodawa.eu\/#website\",\"url\":\"https:\/\/mops.wlodawa.eu\/\",\"name\":\"Miejski O\u015brodek Pomocy Spo\u0142ecznej we W\u0142odawie\",\"description\":\"MOPS W\u0142odawa\",\"publisher\":{\"@id\":\"https:\/\/mops.wlodawa.eu\/#organization\"},\"alternateName\":\"MOPS W\u0142odawa\",\"potentialAction\":[{\"@type\":\"SearchAction\",\"target\":{\"@type\":\"EntryPoint\",\"urlTemplate\":\"https:\/\/mops.wlodawa.eu\/?s={search_term_string}\"},\"query-input\":{\"@type\":\"PropertyValueSpecification\",\"valueRequired\":true,\"valueName\":\"search_term_string\"}}],\"inLanguage\":\"pl-PL\"},{\"@type\":\"Organization\",\"@id\":\"https:\/\/mops.wlodawa.eu\/#organization\",\"name\":\"MOPS W\u0142odawa\",\"url\":\"https:\/\/mops.wlodawa.eu\/\",\"logo\":{\"@type\":\"ImageObject\",\"inLanguage\":\"pl-PL\",\"@id\":\"https:\/\/mops.wlodawa.eu\/#\/schema\/logo\/image\/\",\"url\":\"http:\/\/mops.wlodawa.eu\/wp-content\/uploads\/2024\/02\/header1.jpg\",\"contentUrl\":\"http:\/\/mops.wlodawa.eu\/wp-content\/uploads\/2024\/02\/header1.jpg\",\"width\":970,\"height\":200,\"caption\":\"MOPS W\u0142odawa\"},\"image\":{\"@id\":\"https:\/\/mops.wlodawa.eu\/#\/schema\/logo\/image\/\"}},{\"@type\":\"Person\",\"@id\":\"https:\/\/mops.wlodawa.eu\/#\/schema\/person\/1bb056e8f67e88db50a69837560de810\",\"name\":\"mops1\",\"image\":{\"@type\":\"ImageObject\",\"inLanguage\":\"pl-PL\",\"@id\":\"https:\/\/mops.wlodawa.eu\/#\/schema\/person\/image\/\",\"url\":\"https:\/\/secure.gravatar.com\/avatar\/459ed602c6af581e131d560389cc545771fbbd29dc8436dca950c0b23d5755f8?s=96&d=mm&r=g\",\"contentUrl\":\"https:\/\/secure.gravatar.com\/avatar\/459ed602c6af581e131d560389cc545771fbbd29dc8436dca950c0b23d5755f8?s=96&d=mm&r=g\",\"caption\":\"mops1\"},\"sameAs\":[\"http:\/\/nowa.mops.wlodawa.eu\"],\"url\":\"http:\/\/mops.wlodawa.eu\/?author=1\"}]}<\/script>\n<!-- \/ Yoast SEO plugin. -->","yoast_head_json":{"title":"Nab\u00f3r uczestnik\u00f3w Programu \"Asystent osobisty osoby niepe\u0142nosprawnej\" - edycja 2023 - Miejski O\u015brodek Pomocy Spo\u0142ecznej we W\u0142odawie","description":"W\u0142odawa, lubelskie, pomoc spo\u0142eczna, zasi\u0142ki, posi\u0142ki, \u015bwiadczenia rodzinne, dodatki mieszkaniowe, SENIOR+.","robots":{"index":"index","follow":"follow","max-snippet":"max-snippet:-1","max-image-preview":"max-image-preview:large","max-video-preview":"max-video-preview:-1"},"canonical":"http:\/\/mops.wlodawa.eu\/?p=820","og_locale":"pl_PL","og_type":"article","og_title":"Nab\u00f3r uczestnik\u00f3w Programu \"Asystent osobisty osoby niepe\u0142nosprawnej\" - edycja 2023 - Miejski O\u015brodek Pomocy Spo\u0142ecznej we W\u0142odawie","og_description":"W\u0142odawa, lubelskie, pomoc spo\u0142eczna, zasi\u0142ki, posi\u0142ki, \u015bwiadczenia rodzinne, dodatki mieszkaniowe, SENIOR+.","og_url":"http:\/\/mops.wlodawa.eu\/?p=820","og_site_name":"Miejski O\u015brodek Pomocy Spo\u0142ecznej we W\u0142odawie","article_published_time":"2023-03-23T06:47:00+00:00","article_modified_time":"2024-08-20T05:48:47+00:00","author":"mops1","twitter_card":"summary_large_image","twitter_misc":{"Napisane przez":"mops1","Szacowany czas czytania":"1 minuta"},"schema":{"@context":"https:\/\/schema.org","@graph":[{"@type":"Article","@id":"http:\/\/mops.wlodawa.eu\/?p=820#article","isPartOf":{"@id":"http:\/\/mops.wlodawa.eu\/?p=820"},"author":{"name":"mops1","@id":"https:\/\/mops.wlodawa.eu\/#\/schema\/person\/1bb056e8f67e88db50a69837560de810"},"headline":"Nab\u00f3r uczestnik\u00f3w Programu &#8222;Asystent osobisty osoby niepe\u0142nosprawnej&#8221; &#8211; edycja 2023","datePublished":"2023-03-23T06:47:00+00:00","dateModified":"2024-08-20T05:48:47+00:00","mainEntityOfPage":{"@id":"http:\/\/mops.wlodawa.eu\/?p=820"},"wordCount":105,"publisher":{"@id":"https:\/\/mops.wlodawa.eu\/#organization"},"articleSection":["Program \u201eAsystent osobisty osoby z niepe\u0142nosprawno\u015bci\u0105\u201d edycja 2023"],"inLanguage":"pl-PL"},{"@type":"WebPage","@id":"http:\/\/mops.wlodawa.eu\/?p=820","url":"http:\/\/mops.wlodawa.eu\/?p=820","name":"Nab\u00f3r uczestnik\u00f3w Programu \"Asystent osobisty osoby niepe\u0142nosprawnej\" - edycja 2023 - Miejski O\u015brodek Pomocy Spo\u0142ecznej we W\u0142odawie","isPartOf":{"@id":"https:\/\/mops.wlodawa.eu\/#website"},"datePublished":"2023-03-23T06:47:00+00:00","dateModified":"2024-08-20T05:48:47+00:00","description":"W\u0142odawa, lubelskie, pomoc spo\u0142eczna, zasi\u0142ki, posi\u0142ki, \u015bwiadczenia rodzinne, dodatki mieszkaniowe, SENIOR+.","breadcrumb":{"@id":"http:\/\/mops.wlodawa.eu\/?p=820#breadcrumb"},"inLanguage":"pl-PL","potentialAction":[{"@type":"ReadAction","target":["http:\/\/mops.wlodawa.eu\/?p=820"]}]},{"@type":"BreadcrumbList","@id":"http:\/\/mops.wlodawa.eu\/?p=820#breadcrumb","itemListElement":[{"@type":"ListItem","position":1,"name":"Strona g\u0142\u00f3wna","item":"https:\/\/mops.wlodawa.eu\/"},{"@type":"ListItem","position":2,"name":"Nab\u00f3r uczestnik\u00f3w Programu &#8222;Asystent osobisty osoby niepe\u0142nosprawnej&#8221; &#8211; edycja 2023"}]},{"@type":"WebSite","@id":"https:\/\/mops.wlodawa.eu\/#website","url":"https:\/\/mops.wlodawa.eu\/","name":"Miejski O\u015brodek Pomocy Spo\u0142ecznej we W\u0142odawie","description":"MOPS W\u0142odawa","publisher":{"@id":"https:\/\/mops.wlodawa.eu\/#organization"},"alternateName":"MOPS W\u0142odawa","potentialAction":[{"@type":"SearchAction","target":{"@type":"EntryPoint","urlTemplate":"https:\/\/mops.wlodawa.eu\/?s={search_term_string}"},"query-input":{"@type":"PropertyValueSpecification","valueRequired":true,"valueName":"search_term_string"}}],"inLanguage":"pl-PL"},{"@type":"Organization","@id":"https:\/\/mops.wlodawa.eu\/#organization","name":"MOPS W\u0142odawa","url":"https:\/\/mops.wlodawa.eu\/","logo":{"@type":"ImageObject","inLanguage":"pl-PL","@id":"https:\/\/mops.wlodawa.eu\/#\/schema\/logo\/image\/","url":"http:\/\/mops.wlodawa.eu\/wp-content\/uploads\/2024\/02\/header1.jpg","contentUrl":"http:\/\/mops.wlodawa.eu\/wp-content\/uploads\/2024\/02\/header1.jpg","width":970,"height":200,"caption":"MOPS W\u0142odawa"},"image":{"@id":"https:\/\/mops.wlodawa.eu\/#\/schema\/logo\/image\/"}},{"@type":"Person","@id":"https:\/\/mops.wlodawa.eu\/#\/schema\/person\/1bb056e8f67e88db50a69837560de810","name":"mops1","image":{"@type":"ImageObject","inLanguage":"pl-PL","@id":"https:\/\/mops.wlodawa.eu\/#\/schema\/person\/image\/","url":"https:\/\/secure.gravatar.com\/avatar\/459ed602c6af581e131d560389cc545771fbbd29dc8436dca950c0b23d5755f8?s=96&d=mm&r=g","contentUrl":"https:\/\/secure.gravatar.com\/avatar\/459ed602c6af581e131d560389cc545771fbbd29dc8436dca950c0b23d5755f8?s=96&d=mm&r=g","caption":"mops1"},"sameAs":["http:\/\/nowa.mops.wlodawa.eu"],"url":"http:\/\/mops.wlodawa.eu\/?author=1"}]}},"_links":{"self":[{"href":"http:\/\/mops.wlodawa.eu\/index.php?rest_route=\/wp\/v2\/posts\/820","targetHints":{"allow":["GET"]}}],"collection":[{"href":"http:\/\/mops.wlodawa.eu\/index.php?rest_route=\/wp\/v2\/posts"}],"about":[{"href":"http:\/\/mops.wlodawa.eu\/index.php?rest_route=\/wp\/v2\/types\/post"}],"author":[{"embeddable":true,"href":"http:\/\/mops.wlodawa.eu\/index.php?rest_route=\/wp\/v2\/users\/1"}],"replies":[{"embeddable":true,"href":"http:\/\/mops.wlodawa.eu\/index.php?rest_route=%2Fwp%2Fv2%2Fcomments&post=820"}],"version-history":[{"count":1,"href":"http:\/\/mops.wlodawa.eu\/index.php?rest_route=\/wp\/v2\/posts\/820\/revisions"}],"predecessor-version":[{"id":821,"href":"http:\/\/mops.wlodawa.eu\/index.php?rest_route=\/wp\/v2\/posts\/820\/revisions\/821"}],"wp:attachment":[{"href":"http:\/\/mops.wlodawa.eu\/index.php?rest_route=%2Fwp%2Fv2%2Fmedia&parent=820"}],"wp:term":[{"taxonomy":"category","embeddable":true,"href":"http:\/\/mops.wlodawa.eu\/index.php?rest_route=%2Fwp%2Fv2%2Fcategories&post=820"},{"taxonomy":"post_tag","embeddable":true,"href":"http:\/\/mops.wlodawa.eu\/index.php?rest_route=%2Fwp%2Fv2%2Ftags&post=820"}],"curies":[{"name":"wp","href":"https:\/\/api.w.org\/{rel}","templated":true}]}}