{"id":500,"date":"2023-10-17T09:37:00","date_gmt":"2023-10-17T07:37:00","guid":{"rendered":"https:\/\/mops.wlodawa.eu\/?p=500"},"modified":"2024-04-10T11:53:51","modified_gmt":"2024-04-10T09:53:51","slug":"program-asystent-osobisty-osoby-z-niepelnosprawnoscia-dla-jednostek-samorzadu-terytorialnego-edycja-2024","status":"publish","type":"post","link":"http:\/\/mops.wlodawa.eu\/?p=500","title":{"rendered":"Program \u201eAsystent osobisty osoby z niepe\u0142nosprawno\u015bci\u0105\u201d dla Jednostek Samorz\u0105du Terytorialnego \u2013 edycja 2024"},"content":{"rendered":"<div class=\"wp-block-image\">\n<figure class=\"aligncenter size-full\"><img decoding=\"async\" width=\"548\" height=\"177\" src=\"http:\/\/mops.wlodawa.eu\/wp-content\/uploads\/2024\/03\/asystent.png\" alt=\"\" class=\"wp-image-473\" srcset=\"http:\/\/mops.wlodawa.eu\/wp-content\/uploads\/2024\/03\/asystent.png 548w, http:\/\/mops.wlodawa.eu\/wp-content\/uploads\/2024\/03\/asystent-300x97.png 300w\" sizes=\"(max-width: 548px) 100vw, 548px\" \/><\/figure>\n<\/div>\n\n\n<p>Gmina Miejska W\u0142odawa przyst\u0105pi\u0142a do naboru wniosk\u00f3w w ramach Programu \u201eAsystent osobisty osoby z niepe\u0142nosprawno\u015bci\u0105\u201d dla Jednostek Samorz\u0105du Terytorialnego \u2013 edycja 2024, og\u0142oszonego przez Ministra Rodziny i Polityki Spo\u0142ecznej.<\/p>\n\n\n\n<p><strong>Cel Programu:<\/strong><\/p>\n\n\n\n<p>Wprowadzenie us\u0142ug asystencji osobistej, jako formy og\u00f3lnodost\u0119pnego wsparcia w wykonywaniu codziennych czynno\u015bci oraz funkcjonowaniu w&nbsp;\u017cyciu spo\u0142ecznym os\u00f3b z niepe\u0142nosprawno\u015bciami.<\/p>\n\n\n\n<p><strong>Adresaci Programu:<\/strong><\/p>\n\n\n\n<p>\u2012&nbsp;&nbsp;&nbsp;&nbsp;&nbsp;&nbsp;&nbsp;&nbsp; dzieci do uko\u0144czenia 16. roku \u017cycia posiadaj\u0105ce orzeczenie o niepe\u0142nosprawno\u015bci \u0142\u0105cznie ze wskazaniami w pkt 7 i 8 w orzeczeniu o niepe\u0142nosprawno\u015bci \u2013 konieczno\u015bci sta\u0142ej lub d\u0142ugotrwa\u0142ej opieki lub pomocy innej osoby w zwi\u0105zku ze znacznie ograniczon\u0105 mo\u017cliwo\u015bci\u0105 samodzielnej egzystencji oraz konieczno\u015bci sta\u0142ego wsp\u00f3\u0142udzia\u0142u na co dzie\u0144 opiekuna dziecka w procesie jego leczenia, rehabilitacji i edukacji oraz<\/p>\n\n\n\n<p>\u2012&nbsp;&nbsp;&nbsp;&nbsp;&nbsp;&nbsp;&nbsp;&nbsp; osoby z niepe\u0142nosprawno\u015bciami posiadaj\u0105ce orzeczenie o znacznym stopniu niepe\u0142nosprawno\u015bci lub<\/p>\n\n\n\n<p>\u2012&nbsp;&nbsp;&nbsp;&nbsp;&nbsp;&nbsp;&nbsp;&nbsp; osoby z niepe\u0142nosprawno\u015bciami posiadaj\u0105ce orzeczenie o umiarkowanym stopniu niepe\u0142nosprawno\u015bci albo<\/p>\n\n\n\n<p>\u2012&nbsp;&nbsp;&nbsp;&nbsp;&nbsp;&nbsp;&nbsp;&nbsp; osoby z niepe\u0142nosprawno\u015bciami posiadaj\u0105ce orzeczenie traktowane na r\u00f3wni do wy\u017cej wymienionych.<\/p>\n\n\n\n<p><strong>Przyznaj\u0105c us\u0142ugi asystencji osobistej, w pierwszej kolejno\u015bci b\u0119d\u0105 uwzgl\u0119dniane potrzeby:<\/strong><\/p>\n\n\n\n<p>\u2012&nbsp;&nbsp;&nbsp;&nbsp;&nbsp;&nbsp;&nbsp;&nbsp; os\u00f3b posiadaj\u0105cych orzeczenie o znacznym stopniu niepoprawno\u015bci,<\/p>\n\n\n\n<p>\u2012&nbsp;&nbsp;&nbsp;&nbsp;&nbsp;&nbsp;&nbsp;&nbsp; os\u00f3b posiadaj\u0105cych orzeczenie traktowane na r\u00f3wni z orzeczeniem o znacznym stopniu niepe\u0142nosprawno\u015bci, zgodnie z art. 5 i art. 62 ustawy z dnia 27 sierpnia 1997 r. o rehabilitacji zawodowej i spo\u0142ecznej oraz zatrudnianiu os\u00f3b niepe\u0142nosprawnych,<\/p>\n\n\n\n<p><strong>\u2012&nbsp;&nbsp;&nbsp;&nbsp;&nbsp;&nbsp;&nbsp;&nbsp; <\/strong>os\u00f3b z niepe\u0142nosprawno\u015bciami samotnie gospodaruj\u0105cych, kt\u00f3re nie maj\u0105 mo\u017cliwo\u015bci korzystania ze wsparcia bliskich.<\/p>\n\n\n\n<!--more-->\n\n\n\n<p><strong>Us\u0142ugi asystencji osobistej b\u0119d\u0105 polega\u0142y na wspieraniu przez asystenta osoby z niepe\u0142nosprawno\u015bci\u0105 w r\u00f3\u017cnych sferach \u017cycia, w tym wsparcie uczestnika w:<\/strong><\/p>\n\n\n\n<p>\u2012&nbsp;&nbsp;&nbsp;&nbsp;&nbsp;&nbsp;&nbsp;&nbsp; w czynno\u015bciach samoobs\u0142ugowych, w tym utrzymaniu higieny osobistej;<\/p>\n\n\n\n<p>\u2012&nbsp;&nbsp;&nbsp;&nbsp;&nbsp;&nbsp;&nbsp;&nbsp; w prowadzeniu gospodarstwa domowego i wype\u0142nianiu r\u00f3l w rodzinie;<\/p>\n\n\n\n<p>\u2012&nbsp;&nbsp;&nbsp;&nbsp;&nbsp;&nbsp;&nbsp;&nbsp; w przemieszczaniu si\u0119 poza miejscem zamieszkania;<\/p>\n\n\n\n<p>\u2012&nbsp;&nbsp;&nbsp;&nbsp;&nbsp;&nbsp;&nbsp;&nbsp; w podejmowaniu aktywno\u015bci \u017cyciowej i komunikowaniu si\u0119 z otoczeniem.<\/p>\n\n\n\n<p>Asystent b\u0119dzie realizowa\u0142 us\u0142ugi wy\u0142\u0105cznie na rzecz osoby z niepe\u0142nosprawno\u015bci\u0105, na podstawie jej decyzji lub decyzji opiekuna prawnego, a nie dla os\u00f3b trzecich, w tym cz\u0142onk\u00f3w rodziny osoby z niepe\u0142nosprawno\u015bci\u0105.<\/p>\n\n\n\n<p>Zakres czynno\u015bci w ramach us\u0142ug asystencji osobistej i ich zakres godzinowy b\u0119d\u0105 uzale\u017cnione od osobistej sytuacji osoby z niepe\u0142nosprawno\u015bci\u0105, z uwzgl\u0119dnieniem stopnia i rodzaju niepe\u0142nosprawno\u015bci uczestnika.<\/p>\n\n\n\n<p><strong>Uczestnik Programu nie b\u0119dzie ponosi\u0142 odp\u0142atno\u015bci za us\u0142ugi asystencji osobistej.<\/strong><\/p>\n\n\n\n<p>Wi\u0119cej informacji w Programie \u201eAsystent osobisty osoby z niepe\u0142nosprawno\u015bci\u0105\u201d dla Jednostek Samorz\u0105du Terytorialnego \u2013 edycja 2024 :<\/p>\n\n\n\n<p><\/p>\n\n\n\n<div class=\"wp-block-file\"><a id=\"wp-block-file--media-d2c53de7-b1f0-4db2-a5f7-0a401e9ce485\" href=\"https:\/\/mops.wlodawa.eu\/wp-content\/uploads\/2024\/04\/1_Program_2024_asystent.pdf\" target=\"_blank\" rel=\"noreferrer noopener\">1_Program_2024_asystent<\/a><a href=\"https:\/\/mops.wlodawa.eu\/wp-content\/uploads\/2024\/04\/1_Program_2024_asystent.pdf\" class=\"wp-block-file__button wp-element-button\" download aria-describedby=\"wp-block-file--media-d2c53de7-b1f0-4db2-a5f7-0a401e9ce485\">Pobierz<\/a><\/div>\n","protected":false},"excerpt":{"rendered":"<p>Gmina Miejska W\u0142odawa przyst\u0105pi\u0142a do naboru wniosk\u00f3w w ramach Programu \u201eAsystent osobisty osoby z niepe\u0142nosprawno\u015bci\u0105\u201d dla Jednostek Samorz\u0105du Terytorialnego \u2013 edycja 2024, og\u0142oszonego przez Ministra Rodziny i Polityki Spo\u0142ecznej. Cel Programu: Wprowadzenie us\u0142ug asystencji osobistej, jako formy og\u00f3lnodost\u0119pnego wsparcia w wykonywaniu codziennych czynno\u015bci oraz funkcjonowaniu w&nbsp;\u017cyciu spo\u0142ecznym os\u00f3b z niepe\u0142nosprawno\u015bciami. Adresaci Programu: \u2012&nbsp;&nbsp;&nbsp;&nbsp;&nbsp;&nbsp;&nbsp;&nbsp; dzieci do uko\u0144czenia 16. roku \u017cycia posiadaj\u0105ce orzeczenie o niepe\u0142nosprawno\u015bci \u0142\u0105cznie ze wskazaniami w pkt 7 i 8 w orzeczeniu o niepe\u0142nosprawno\u015bci \u2013 konieczno\u015bci sta\u0142ej lub d\u0142ugotrwa\u0142ej opieki lub pomocy innej osoby w zwi\u0105zku ze znacznie ograniczon\u0105 mo\u017cliwo\u015bci\u0105 samodzielnej egzystencji oraz konieczno\u015bci sta\u0142ego wsp\u00f3\u0142udzia\u0142u na co dzie\u0144 opiekuna dziecka w procesie jego leczenia, rehabilitacji i edukacji oraz \u2012&nbsp;&nbsp;&nbsp;&nbsp;&nbsp;&nbsp;&nbsp;&nbsp; osoby z niepe\u0142nosprawno\u015bciami posiadaj\u0105ce orzeczenie o znacznym stopniu niepe\u0142nosprawno\u015bci lub \u2012&nbsp;&nbsp;&nbsp;&nbsp;&nbsp;&nbsp;&nbsp;&nbsp; osoby z niepe\u0142nosprawno\u015bciami posiadaj\u0105ce orzeczenie o umiarkowanym stopniu niepe\u0142nosprawno\u015bci albo \u2012&nbsp;&nbsp;&nbsp;&nbsp;&nbsp;&nbsp;&nbsp;&nbsp; osoby z niepe\u0142nosprawno\u015bciami posiadaj\u0105ce orzeczenie traktowane na r\u00f3wni do wy\u017cej wymienionych. Przyznaj\u0105c us\u0142ugi asystencji osobistej, w pierwszej kolejno\u015bci b\u0119d\u0105 uwzgl\u0119dniane potrzeby: \u2012&nbsp;&nbsp;&nbsp;&nbsp;&nbsp;&nbsp;&nbsp;&nbsp; os\u00f3b posiadaj\u0105cych orzeczenie o znacznym stopniu niepoprawno\u015bci, \u2012&nbsp;&nbsp;&nbsp;&nbsp;&nbsp;&nbsp;&nbsp;&nbsp; os\u00f3b posiadaj\u0105cych orzeczenie traktowane na r\u00f3wni z orzeczeniem o znacznym stopniu niepe\u0142nosprawno\u015bci, zgodnie z art. 5 i art. 62 ustawy z dnia 27 sierpnia 1997 r. o rehabilitacji zawodowej i spo\u0142ecznej oraz zatrudnianiu os\u00f3b niepe\u0142nosprawnych, \u2012&nbsp;&nbsp;&nbsp;&nbsp;&nbsp;&nbsp;&nbsp;&nbsp; os\u00f3b z niepe\u0142nosprawno\u015bciami samotnie gospodaruj\u0105cych, kt\u00f3re nie maj\u0105 mo\u017cliwo\u015bci korzystania ze wsparcia bliskich.<\/p>\n","protected":false},"author":1,"featured_media":0,"comment_status":"closed","ping_status":"open","sticky":false,"template":"","format":"standard","meta":{"footnotes":""},"categories":[24],"tags":[],"class_list":["post-500","post","type-post","status-publish","format-standard","hentry","category-program-asystent-osobisty-osoby-z-niepelnosprawnoscia"],"yoast_head":"<!-- This site is optimized with the Yoast SEO plugin v27.0 - https:\/\/yoast.com\/product\/yoast-seo-wordpress\/ -->\n<title>Program \u201eAsystent osobisty osoby z niepe\u0142nosprawno\u015bci\u0105\u201d dla Jednostek Samorz\u0105du Terytorialnego \u2013 edycja 2024 - Miejski O\u015brodek Pomocy Spo\u0142ecznej we W\u0142odawie<\/title>\n<meta name=\"description\" content=\"W\u0142odawa, lubelskie, pomoc spo\u0142eczna, zasi\u0142ki, posi\u0142ki, \u015bwiadczenia rodzinne, dodatki mieszkaniowe, SENIOR+.\" \/>\n<meta name=\"robots\" content=\"index, follow, max-snippet:-1, max-image-preview:large, max-video-preview:-1\" \/>\n<link rel=\"canonical\" href=\"http:\/\/mops.wlodawa.eu\/?p=500\" \/>\n<meta property=\"og:locale\" content=\"pl_PL\" \/>\n<meta property=\"og:type\" content=\"article\" \/>\n<meta property=\"og:title\" content=\"Program \u201eAsystent osobisty osoby z niepe\u0142nosprawno\u015bci\u0105\u201d dla Jednostek Samorz\u0105du Terytorialnego \u2013 edycja 2024 - Miejski O\u015brodek Pomocy Spo\u0142ecznej we W\u0142odawie\" \/>\n<meta property=\"og:description\" content=\"W\u0142odawa, lubelskie, pomoc spo\u0142eczna, zasi\u0142ki, posi\u0142ki, \u015bwiadczenia rodzinne, dodatki mieszkaniowe, SENIOR+.\" \/>\n<meta property=\"og:url\" content=\"http:\/\/mops.wlodawa.eu\/?p=500\" \/>\n<meta property=\"og:site_name\" content=\"Miejski O\u015brodek Pomocy Spo\u0142ecznej we W\u0142odawie\" \/>\n<meta property=\"article:published_time\" content=\"2023-10-17T07:37:00+00:00\" \/>\n<meta property=\"article:modified_time\" content=\"2024-04-10T09:53:51+00:00\" \/>\n<meta property=\"og:image\" content=\"http:\/\/mops.wlodawa.eu\/wp-content\/uploads\/2024\/03\/asystent.png\" \/>\n<meta name=\"author\" content=\"mops1\" \/>\n<meta name=\"twitter:card\" content=\"summary_large_image\" \/>\n<meta name=\"twitter:label1\" content=\"Napisane przez\" \/>\n\t<meta name=\"twitter:data1\" content=\"mops1\" \/>\n\t<meta name=\"twitter:label2\" content=\"Szacowany czas czytania\" \/>\n\t<meta name=\"twitter:data2\" content=\"3 minuty\" \/>\n<script type=\"application\/ld+json\" class=\"yoast-schema-graph\">{\"@context\":\"https:\/\/schema.org\",\"@graph\":[{\"@type\":\"Article\",\"@id\":\"http:\/\/mops.wlodawa.eu\/?p=500#article\",\"isPartOf\":{\"@id\":\"http:\/\/mops.wlodawa.eu\/?p=500\"},\"author\":{\"name\":\"mops1\",\"@id\":\"https:\/\/mops.wlodawa.eu\/#\/schema\/person\/1bb056e8f67e88db50a69837560de810\"},\"headline\":\"Program \u201eAsystent osobisty osoby z niepe\u0142nosprawno\u015bci\u0105\u201d dla Jednostek Samorz\u0105du Terytorialnego \u2013 edycja 2024\",\"datePublished\":\"2023-10-17T07:37:00+00:00\",\"dateModified\":\"2024-04-10T09:53:51+00:00\",\"mainEntityOfPage\":{\"@id\":\"http:\/\/mops.wlodawa.eu\/?p=500\"},\"wordCount\":545,\"publisher\":{\"@id\":\"https:\/\/mops.wlodawa.eu\/#organization\"},\"image\":{\"@id\":\"http:\/\/mops.wlodawa.eu\/?p=500#primaryimage\"},\"thumbnailUrl\":\"http:\/\/mops.wlodawa.eu\/wp-content\/uploads\/2024\/03\/asystent.png\",\"articleSection\":[\"Program \\\"Asystent osobisty osoby z niepe\u0142nosprawno\u015bci\u0105\u201d edycja 2024\"],\"inLanguage\":\"pl-PL\"},{\"@type\":\"WebPage\",\"@id\":\"http:\/\/mops.wlodawa.eu\/?p=500\",\"url\":\"http:\/\/mops.wlodawa.eu\/?p=500\",\"name\":\"Program \u201eAsystent osobisty osoby z niepe\u0142nosprawno\u015bci\u0105\u201d dla Jednostek Samorz\u0105du Terytorialnego \u2013 edycja 2024 - Miejski O\u015brodek Pomocy Spo\u0142ecznej we W\u0142odawie\",\"isPartOf\":{\"@id\":\"https:\/\/mops.wlodawa.eu\/#website\"},\"primaryImageOfPage\":{\"@id\":\"http:\/\/mops.wlodawa.eu\/?p=500#primaryimage\"},\"image\":{\"@id\":\"http:\/\/mops.wlodawa.eu\/?p=500#primaryimage\"},\"thumbnailUrl\":\"http:\/\/mops.wlodawa.eu\/wp-content\/uploads\/2024\/03\/asystent.png\",\"datePublished\":\"2023-10-17T07:37:00+00:00\",\"dateModified\":\"2024-04-10T09:53:51+00:00\",\"description\":\"W\u0142odawa, lubelskie, pomoc spo\u0142eczna, zasi\u0142ki, posi\u0142ki, \u015bwiadczenia rodzinne, dodatki mieszkaniowe, SENIOR+.\",\"breadcrumb\":{\"@id\":\"http:\/\/mops.wlodawa.eu\/?p=500#breadcrumb\"},\"inLanguage\":\"pl-PL\",\"potentialAction\":[{\"@type\":\"ReadAction\",\"target\":[\"http:\/\/mops.wlodawa.eu\/?p=500\"]}]},{\"@type\":\"ImageObject\",\"inLanguage\":\"pl-PL\",\"@id\":\"http:\/\/mops.wlodawa.eu\/?p=500#primaryimage\",\"url\":\"http:\/\/mops.wlodawa.eu\/wp-content\/uploads\/2024\/03\/asystent.png\",\"contentUrl\":\"http:\/\/mops.wlodawa.eu\/wp-content\/uploads\/2024\/03\/asystent.png\",\"width\":548,\"height\":177},{\"@type\":\"BreadcrumbList\",\"@id\":\"http:\/\/mops.wlodawa.eu\/?p=500#breadcrumb\",\"itemListElement\":[{\"@type\":\"ListItem\",\"position\":1,\"name\":\"Strona g\u0142\u00f3wna\",\"item\":\"https:\/\/mops.wlodawa.eu\/\"},{\"@type\":\"ListItem\",\"position\":2,\"name\":\"Program \u201eAsystent osobisty osoby z niepe\u0142nosprawno\u015bci\u0105\u201d dla Jednostek Samorz\u0105du Terytorialnego \u2013 edycja 2024\"}]},{\"@type\":\"WebSite\",\"@id\":\"https:\/\/mops.wlodawa.eu\/#website\",\"url\":\"https:\/\/mops.wlodawa.eu\/\",\"name\":\"Miejski O\u015brodek Pomocy Spo\u0142ecznej we W\u0142odawie\",\"description\":\"MOPS W\u0142odawa\",\"publisher\":{\"@id\":\"https:\/\/mops.wlodawa.eu\/#organization\"},\"alternateName\":\"MOPS W\u0142odawa\",\"potentialAction\":[{\"@type\":\"SearchAction\",\"target\":{\"@type\":\"EntryPoint\",\"urlTemplate\":\"https:\/\/mops.wlodawa.eu\/?s={search_term_string}\"},\"query-input\":{\"@type\":\"PropertyValueSpecification\",\"valueRequired\":true,\"valueName\":\"search_term_string\"}}],\"inLanguage\":\"pl-PL\"},{\"@type\":\"Organization\",\"@id\":\"https:\/\/mops.wlodawa.eu\/#organization\",\"name\":\"MOPS W\u0142odawa\",\"url\":\"https:\/\/mops.wlodawa.eu\/\",\"logo\":{\"@type\":\"ImageObject\",\"inLanguage\":\"pl-PL\",\"@id\":\"https:\/\/mops.wlodawa.eu\/#\/schema\/logo\/image\/\",\"url\":\"http:\/\/mops.wlodawa.eu\/wp-content\/uploads\/2024\/02\/header1.jpg\",\"contentUrl\":\"http:\/\/mops.wlodawa.eu\/wp-content\/uploads\/2024\/02\/header1.jpg\",\"width\":970,\"height\":200,\"caption\":\"MOPS W\u0142odawa\"},\"image\":{\"@id\":\"https:\/\/mops.wlodawa.eu\/#\/schema\/logo\/image\/\"}},{\"@type\":\"Person\",\"@id\":\"https:\/\/mops.wlodawa.eu\/#\/schema\/person\/1bb056e8f67e88db50a69837560de810\",\"name\":\"mops1\",\"image\":{\"@type\":\"ImageObject\",\"inLanguage\":\"pl-PL\",\"@id\":\"https:\/\/mops.wlodawa.eu\/#\/schema\/person\/image\/\",\"url\":\"https:\/\/secure.gravatar.com\/avatar\/459ed602c6af581e131d560389cc545771fbbd29dc8436dca950c0b23d5755f8?s=96&d=mm&r=g\",\"contentUrl\":\"https:\/\/secure.gravatar.com\/avatar\/459ed602c6af581e131d560389cc545771fbbd29dc8436dca950c0b23d5755f8?s=96&d=mm&r=g\",\"caption\":\"mops1\"},\"sameAs\":[\"http:\/\/nowa.mops.wlodawa.eu\"],\"url\":\"http:\/\/mops.wlodawa.eu\/?author=1\"}]}<\/script>\n<!-- \/ Yoast SEO plugin. -->","yoast_head_json":{"title":"Program \u201eAsystent osobisty osoby z niepe\u0142nosprawno\u015bci\u0105\u201d dla Jednostek Samorz\u0105du Terytorialnego \u2013 edycja 2024 - Miejski O\u015brodek Pomocy Spo\u0142ecznej we W\u0142odawie","description":"W\u0142odawa, lubelskie, pomoc spo\u0142eczna, zasi\u0142ki, posi\u0142ki, \u015bwiadczenia rodzinne, dodatki mieszkaniowe, SENIOR+.","robots":{"index":"index","follow":"follow","max-snippet":"max-snippet:-1","max-image-preview":"max-image-preview:large","max-video-preview":"max-video-preview:-1"},"canonical":"http:\/\/mops.wlodawa.eu\/?p=500","og_locale":"pl_PL","og_type":"article","og_title":"Program \u201eAsystent osobisty osoby z niepe\u0142nosprawno\u015bci\u0105\u201d dla Jednostek Samorz\u0105du Terytorialnego \u2013 edycja 2024 - Miejski O\u015brodek Pomocy Spo\u0142ecznej we W\u0142odawie","og_description":"W\u0142odawa, lubelskie, pomoc spo\u0142eczna, zasi\u0142ki, posi\u0142ki, \u015bwiadczenia rodzinne, dodatki mieszkaniowe, SENIOR+.","og_url":"http:\/\/mops.wlodawa.eu\/?p=500","og_site_name":"Miejski O\u015brodek Pomocy Spo\u0142ecznej we W\u0142odawie","article_published_time":"2023-10-17T07:37:00+00:00","article_modified_time":"2024-04-10T09:53:51+00:00","og_image":[{"url":"http:\/\/mops.wlodawa.eu\/wp-content\/uploads\/2024\/03\/asystent.png","type":"","width":"","height":""}],"author":"mops1","twitter_card":"summary_large_image","twitter_misc":{"Napisane przez":"mops1","Szacowany czas czytania":"3 minuty"},"schema":{"@context":"https:\/\/schema.org","@graph":[{"@type":"Article","@id":"http:\/\/mops.wlodawa.eu\/?p=500#article","isPartOf":{"@id":"http:\/\/mops.wlodawa.eu\/?p=500"},"author":{"name":"mops1","@id":"https:\/\/mops.wlodawa.eu\/#\/schema\/person\/1bb056e8f67e88db50a69837560de810"},"headline":"Program \u201eAsystent osobisty osoby z niepe\u0142nosprawno\u015bci\u0105\u201d dla Jednostek Samorz\u0105du Terytorialnego \u2013 edycja 2024","datePublished":"2023-10-17T07:37:00+00:00","dateModified":"2024-04-10T09:53:51+00:00","mainEntityOfPage":{"@id":"http:\/\/mops.wlodawa.eu\/?p=500"},"wordCount":545,"publisher":{"@id":"https:\/\/mops.wlodawa.eu\/#organization"},"image":{"@id":"http:\/\/mops.wlodawa.eu\/?p=500#primaryimage"},"thumbnailUrl":"http:\/\/mops.wlodawa.eu\/wp-content\/uploads\/2024\/03\/asystent.png","articleSection":["Program \"Asystent osobisty osoby z niepe\u0142nosprawno\u015bci\u0105\u201d edycja 2024"],"inLanguage":"pl-PL"},{"@type":"WebPage","@id":"http:\/\/mops.wlodawa.eu\/?p=500","url":"http:\/\/mops.wlodawa.eu\/?p=500","name":"Program \u201eAsystent osobisty osoby z niepe\u0142nosprawno\u015bci\u0105\u201d dla Jednostek Samorz\u0105du Terytorialnego \u2013 edycja 2024 - Miejski O\u015brodek Pomocy Spo\u0142ecznej we W\u0142odawie","isPartOf":{"@id":"https:\/\/mops.wlodawa.eu\/#website"},"primaryImageOfPage":{"@id":"http:\/\/mops.wlodawa.eu\/?p=500#primaryimage"},"image":{"@id":"http:\/\/mops.wlodawa.eu\/?p=500#primaryimage"},"thumbnailUrl":"http:\/\/mops.wlodawa.eu\/wp-content\/uploads\/2024\/03\/asystent.png","datePublished":"2023-10-17T07:37:00+00:00","dateModified":"2024-04-10T09:53:51+00:00","description":"W\u0142odawa, lubelskie, pomoc spo\u0142eczna, zasi\u0142ki, posi\u0142ki, \u015bwiadczenia rodzinne, dodatki mieszkaniowe, SENIOR+.","breadcrumb":{"@id":"http:\/\/mops.wlodawa.eu\/?p=500#breadcrumb"},"inLanguage":"pl-PL","potentialAction":[{"@type":"ReadAction","target":["http:\/\/mops.wlodawa.eu\/?p=500"]}]},{"@type":"ImageObject","inLanguage":"pl-PL","@id":"http:\/\/mops.wlodawa.eu\/?p=500#primaryimage","url":"http:\/\/mops.wlodawa.eu\/wp-content\/uploads\/2024\/03\/asystent.png","contentUrl":"http:\/\/mops.wlodawa.eu\/wp-content\/uploads\/2024\/03\/asystent.png","width":548,"height":177},{"@type":"BreadcrumbList","@id":"http:\/\/mops.wlodawa.eu\/?p=500#breadcrumb","itemListElement":[{"@type":"ListItem","position":1,"name":"Strona g\u0142\u00f3wna","item":"https:\/\/mops.wlodawa.eu\/"},{"@type":"ListItem","position":2,"name":"Program \u201eAsystent osobisty osoby z niepe\u0142nosprawno\u015bci\u0105\u201d dla Jednostek Samorz\u0105du Terytorialnego \u2013 edycja 2024"}]},{"@type":"WebSite","@id":"https:\/\/mops.wlodawa.eu\/#website","url":"https:\/\/mops.wlodawa.eu\/","name":"Miejski O\u015brodek Pomocy Spo\u0142ecznej we W\u0142odawie","description":"MOPS W\u0142odawa","publisher":{"@id":"https:\/\/mops.wlodawa.eu\/#organization"},"alternateName":"MOPS W\u0142odawa","potentialAction":[{"@type":"SearchAction","target":{"@type":"EntryPoint","urlTemplate":"https:\/\/mops.wlodawa.eu\/?s={search_term_string}"},"query-input":{"@type":"PropertyValueSpecification","valueRequired":true,"valueName":"search_term_string"}}],"inLanguage":"pl-PL"},{"@type":"Organization","@id":"https:\/\/mops.wlodawa.eu\/#organization","name":"MOPS W\u0142odawa","url":"https:\/\/mops.wlodawa.eu\/","logo":{"@type":"ImageObject","inLanguage":"pl-PL","@id":"https:\/\/mops.wlodawa.eu\/#\/schema\/logo\/image\/","url":"http:\/\/mops.wlodawa.eu\/wp-content\/uploads\/2024\/02\/header1.jpg","contentUrl":"http:\/\/mops.wlodawa.eu\/wp-content\/uploads\/2024\/02\/header1.jpg","width":970,"height":200,"caption":"MOPS W\u0142odawa"},"image":{"@id":"https:\/\/mops.wlodawa.eu\/#\/schema\/logo\/image\/"}},{"@type":"Person","@id":"https:\/\/mops.wlodawa.eu\/#\/schema\/person\/1bb056e8f67e88db50a69837560de810","name":"mops1","image":{"@type":"ImageObject","inLanguage":"pl-PL","@id":"https:\/\/mops.wlodawa.eu\/#\/schema\/person\/image\/","url":"https:\/\/secure.gravatar.com\/avatar\/459ed602c6af581e131d560389cc545771fbbd29dc8436dca950c0b23d5755f8?s=96&d=mm&r=g","contentUrl":"https:\/\/secure.gravatar.com\/avatar\/459ed602c6af581e131d560389cc545771fbbd29dc8436dca950c0b23d5755f8?s=96&d=mm&r=g","caption":"mops1"},"sameAs":["http:\/\/nowa.mops.wlodawa.eu"],"url":"http:\/\/mops.wlodawa.eu\/?author=1"}]}},"_links":{"self":[{"href":"http:\/\/mops.wlodawa.eu\/index.php?rest_route=\/wp\/v2\/posts\/500","targetHints":{"allow":["GET"]}}],"collection":[{"href":"http:\/\/mops.wlodawa.eu\/index.php?rest_route=\/wp\/v2\/posts"}],"about":[{"href":"http:\/\/mops.wlodawa.eu\/index.php?rest_route=\/wp\/v2\/types\/post"}],"author":[{"embeddable":true,"href":"http:\/\/mops.wlodawa.eu\/index.php?rest_route=\/wp\/v2\/users\/1"}],"replies":[{"embeddable":true,"href":"http:\/\/mops.wlodawa.eu\/index.php?rest_route=%2Fwp%2Fv2%2Fcomments&post=500"}],"version-history":[{"count":4,"href":"http:\/\/mops.wlodawa.eu\/index.php?rest_route=\/wp\/v2\/posts\/500\/revisions"}],"predecessor-version":[{"id":533,"href":"http:\/\/mops.wlodawa.eu\/index.php?rest_route=\/wp\/v2\/posts\/500\/revisions\/533"}],"wp:attachment":[{"href":"http:\/\/mops.wlodawa.eu\/index.php?rest_route=%2Fwp%2Fv2%2Fmedia&parent=500"}],"wp:term":[{"taxonomy":"category","embeddable":true,"href":"http:\/\/mops.wlodawa.eu\/index.php?rest_route=%2Fwp%2Fv2%2Fcategories&post=500"},{"taxonomy":"post_tag","embeddable":true,"href":"http:\/\/mops.wlodawa.eu\/index.php?rest_route=%2Fwp%2Fv2%2Ftags&post=500"}],"curies":[{"name":"wp","href":"https:\/\/api.w.org\/{rel}","templated":true}]}}