{"id":493,"date":"2023-03-17T09:30:00","date_gmt":"2023-03-17T08:30:00","guid":{"rendered":"https:\/\/mops.wlodawa.eu\/?p=493"},"modified":"2024-03-28T09:31:51","modified_gmt":"2024-03-28T08:31:51","slug":"posilek-w-szkole-i-w-domu","status":"publish","type":"post","link":"http:\/\/mops.wlodawa.eu\/?p=493","title":{"rendered":"&#8222;Posi\u0142ek w szkole i w domu&#8221;"},"content":{"rendered":"<div class=\"wp-block-image\">\n<figure class=\"aligncenter size-full\"><img decoding=\"async\" width=\"548\" height=\"177\" src=\"http:\/\/mops.wlodawa.eu\/wp-content\/uploads\/2024\/03\/asystent.png\" alt=\"\" class=\"wp-image-473\" srcset=\"http:\/\/mops.wlodawa.eu\/wp-content\/uploads\/2024\/03\/asystent.png 548w, http:\/\/mops.wlodawa.eu\/wp-content\/uploads\/2024\/03\/asystent-300x97.png 300w\" sizes=\"(max-width: 548px) 100vw, 548px\" \/><\/figure>\n<\/div>\n\n\n<p><strong>DOFINANSOWANO ZE \u015aRODK\u00d3W BUD\u017bETU PA\u0143STWA<\/strong><br><strong>Wieloletni rz\u0105dowy program \u201ePosi\u0142ek w szkole i w domu\u201d na lata 2019-2023<\/strong><\/p>\n\n\n\n<p><strong>Dot. zadania w\u0142asnego gminy o charakterze obowi\u0105zkowym w zakresie zapewnienia posi\u0142ku osobom tego pozbawionym oraz do\u017cywiania dzieci<\/strong><\/p>\n\n\n\n<p><strong>Warto\u015b\u0107 dofinansowania w 2023 roku: 182.400 z\u0142<\/strong><br><strong>Ca\u0142kowita warto\u015b\u0107 zadania w 2023 roku: 228.000 z\u0142<\/strong><\/p>\n\n\n\n<p>Gmina Miejska W\u0142odawa realizuje pomoc w ramach wieloletniego rz\u0105dowego programu \u201ePosi\u0142ek w szkole i w domu\u201d 2019-2023, og\u0142oszonego uchwa\u0142\u0105 Nr 140 Rady Ministr\u00f3w z dnia 15 pa\u017adziernika 2018 r. w sprawie ustanowienia wieloletniego rz\u0105dowego programu \u201ePosi\u0142ek w szkole i w domu\u201d na lata 2019-2023 (M.P. z 2018 r., poz. 1007 z p\u00f3\u017an. zm.).<br><br><strong>Realizator zadania:<\/strong><br>Zadanie w zakresie do\u017cywiania, w ramach modu\u0142u 1 i 2, na terenie gminy realizuje Miejski O\u015brodek Pomocy Spo\u0142ecznej we W\u0142odawie.<\/p>\n\n\n\n<p><strong>Cel Programu:<\/strong><br>Celem Programu w ramach modu\u0142u 1 i 2 jest zapewnienie posi\u0142ku dzieciom, uczniom i m\u0142odzie\u017cy oraz obj\u0119cie pomoc\u0105 os\u00f3b doros\u0142ych, zw\u0142aszcza os\u00f3b starszych, chorych lub niepe\u0142nosprawnych i samotnych.<\/p>\n\n\n\n<!--more-->\n\n\n\n<p><strong>Formy pomocy:<\/strong><br>\u2012 posi\u0142ek,<br>\u2012 \u015bwiadczenie pieni\u0119\u017cne na zakup posi\u0142ku lub \u017cywno\u015bci,<br>\u2012 \u015bwiadczenie rzeczowe w postaci produkt\u00f3w w \u017cywno\u015bciowych.<\/p>\n\n\n\n<p><strong>Adresaci Programu:<\/strong><br>W ramach Programu udziela si\u0119 wsparcia osobom spe\u0142niaj\u0105cym warunki otrzymania pomocy wskazane w ustawie o pomocy spo\u0142ecznej oraz spe\u0142niaj\u0105cym kryterium dochodowe w wysoko\u015bci 200% kryterium, o kt\u00f3rym mowa w art. 8 ww. ustawy, tj.:<br>\u2012 dzieciom do czasu podj\u0119cia nauki w szkole podstawowej,<br>\u2012 uczniom do czasu uko\u0144czenia szko\u0142y ponadpodstawowej lub szko\u0142y ponadgimnazjalnej,<br>\u2012 osobom i rodzinom znajduj\u0105cym si\u0119 w sytuacjach wymienionych w art. 7 ustawy o pomocy spo\u0142ecznej, w szczeg\u00f3lno\u015bci osobom starszym, chorym i niepe\u0142nosprawnym.<\/p>\n\n\n\n<p><strong>Wa\u017cne!<\/strong><br>W szczeg\u00f3lnie uzasadnionych przypadkach, gdy ucze\u0144 lub dziecko nie spe\u0142nia wymaga\u0144, o kt\u00f3rych mowa powy\u017cej, a wyra\u017ca ch\u0119\u0107 zjedzenia posi\u0142ku, odpowiednio dyrektor szko\u0142y lub przedszkola informuje Miejski O\u015brodek Pomocy Spo\u0142ecznej we W\u0142odawie o potrzebie udzielenia pomocy w formie posi\u0142ku.<br>Przyznanie pomocy na wniosek dyrektora szko\u0142y lub przedszkola nast\u0119puje na zasadach okre\u015blonych w programie os\u0142onowym przyj\u0119tym uchwa\u0142\u0105 Nr XVII\/95\/19 Rady Miejskiej we W\u0142odawie z dnia 8 listopada 2019 r. w sprawie ustanowienia wieloletniego programu os\u0142onowego Gminy Miejskiej W\u0142odawa w zakresie do\u017cywiania \u201ePosi\u0142ek w szkole i w domu\u201d na lata 2019-2023 &#8211; z p\u00f3\u017an. zm.<\/p>\n\n\n\n<p><br><strong>Do pobrania:<\/strong><br><a href=\"http:\/\/archiwum.mops.wlodawa.eu\/images\/2022\/Posilek_w_szkole_i_w_domu\/1_Program_Posi%C5%82ek_w_szkole_i_w_domu_na_lata_2019-2023.pdf\" target=\"_blank\" rel=\"noreferrer noopener\">\u2012 Wieloletni rz\u0105dowy program \u201ePosi\u0142ek w szkole i w domu\u201d na lata 2019-2023<\/a><br><a href=\"http:\/\/archiwum.mops.wlodawa.eu\/images\/2023\/Posilek%20w%20szkole%20i%20w%20domu\/Zmiana%20programu%20Posi\u0142ek%20w%20szkole%20i%20w%20domu.pdf\" target=\"_blank\" rel=\"noreferrer noopener\">&#8211; zmiana rz\u0105dowego programu \u201ePosi\u0142ek w szkole i w domu\u201d na lata 2019-2023<\/a><br><a href=\"http:\/\/archiwum.mops.wlodawa.eu\/images\/2022\/Posilek_w_szkole_i_w_domu\/2_Program_os%C5%82onowy_Gminy_Miejskiej_W%C5%82odawa_w_zakresie_do%C5%BCywiania_na_lata_2019-2023.pdf\" target=\"_blank\" rel=\"noreferrer noopener\">\u2012 Program os\u0142onowy Gminy Miejskiej W\u0142odawa w zakresie do\u017cywiania \u201ePosi\u0142ek w szkole i w domu\u201d na lata 2019-2023<\/a><br><a href=\"http:\/\/archiwum.mops.wlodawa.eu\/images\/2023\/Posilek%20w%20szkole%20i%20w%20domu\/Uchwa\u0142a_RM_Wlodawa_Posilek_2023.pdf\" target=\"_blank\" rel=\"noreferrer noopener\">&#8211; zmiana programu os\u0142onowego&nbsp;Gminy Miejskiej W\u0142odawa w zakresie do\u017cywiania \u201ePosi\u0142ek w szkole i w domu\u201d na lata 2019-2023<\/a><\/p>\n","protected":false},"excerpt":{"rendered":"<p>DOFINANSOWANO ZE \u015aRODK\u00d3W BUD\u017bETU PA\u0143STWAWieloletni rz\u0105dowy program \u201ePosi\u0142ek w szkole i w domu\u201d na lata 2019-2023 Dot. zadania w\u0142asnego gminy o charakterze obowi\u0105zkowym w zakresie zapewnienia posi\u0142ku osobom tego pozbawionym oraz do\u017cywiania dzieci Warto\u015b\u0107 dofinansowania w 2023 roku: 182.400 z\u0142Ca\u0142kowita warto\u015b\u0107 zadania w 2023 roku: 228.000 z\u0142 Gmina Miejska W\u0142odawa realizuje pomoc w ramach wieloletniego rz\u0105dowego programu \u201ePosi\u0142ek w szkole i w domu\u201d 2019-2023, og\u0142oszonego uchwa\u0142\u0105 Nr 140 Rady Ministr\u00f3w z dnia 15 pa\u017adziernika 2018 r. w sprawie ustanowienia wieloletniego rz\u0105dowego programu \u201ePosi\u0142ek w szkole i w domu\u201d na lata 2019-2023 (M.P. z 2018 r., poz. 1007 z p\u00f3\u017an. zm.). Realizator zadania:Zadanie w zakresie do\u017cywiania, w ramach modu\u0142u 1 i 2, na terenie gminy realizuje Miejski O\u015brodek Pomocy Spo\u0142ecznej we W\u0142odawie. Cel Programu:Celem Programu w ramach modu\u0142u 1 i 2 jest zapewnienie posi\u0142ku dzieciom, uczniom i m\u0142odzie\u017cy oraz obj\u0119cie pomoc\u0105 os\u00f3b doros\u0142ych, zw\u0142aszcza os\u00f3b starszych, chorych lub niepe\u0142nosprawnych i samotnych.<\/p>\n","protected":false},"author":1,"featured_media":0,"comment_status":"closed","ping_status":"open","sticky":false,"template":"","format":"standard","meta":{"footnotes":""},"categories":[23],"tags":[],"class_list":["post-493","post","type-post","status-publish","format-standard","hentry","category-posilek-w-szkole-i-w-domu"],"yoast_head":"<!-- This site is optimized with the Yoast SEO plugin v27.0 - https:\/\/yoast.com\/product\/yoast-seo-wordpress\/ -->\n<title>&quot;Posi\u0142ek w szkole i w domu&quot; - Miejski O\u015brodek Pomocy Spo\u0142ecznej we W\u0142odawie<\/title>\n<meta name=\"description\" content=\"W\u0142odawa, lubelskie, pomoc spo\u0142eczna, zasi\u0142ki, posi\u0142ki, \u015bwiadczenia rodzinne, dodatki mieszkaniowe, SENIOR+.\" \/>\n<meta name=\"robots\" content=\"index, follow, max-snippet:-1, max-image-preview:large, max-video-preview:-1\" \/>\n<link rel=\"canonical\" href=\"http:\/\/mops.wlodawa.eu\/?p=493\" \/>\n<meta property=\"og:locale\" content=\"pl_PL\" \/>\n<meta property=\"og:type\" content=\"article\" \/>\n<meta property=\"og:title\" content=\"&quot;Posi\u0142ek w szkole i w domu&quot; - Miejski O\u015brodek Pomocy Spo\u0142ecznej we W\u0142odawie\" \/>\n<meta property=\"og:description\" content=\"W\u0142odawa, lubelskie, pomoc spo\u0142eczna, zasi\u0142ki, posi\u0142ki, \u015bwiadczenia rodzinne, dodatki mieszkaniowe, SENIOR+.\" \/>\n<meta property=\"og:url\" content=\"http:\/\/mops.wlodawa.eu\/?p=493\" \/>\n<meta property=\"og:site_name\" content=\"Miejski O\u015brodek Pomocy Spo\u0142ecznej we W\u0142odawie\" \/>\n<meta property=\"article:published_time\" content=\"2023-03-17T08:30:00+00:00\" \/>\n<meta property=\"article:modified_time\" content=\"2024-03-28T08:31:51+00:00\" \/>\n<meta property=\"og:image\" content=\"http:\/\/mops.wlodawa.eu\/wp-content\/uploads\/2024\/03\/asystent.png\" \/>\n<meta name=\"author\" content=\"mops1\" \/>\n<meta name=\"twitter:card\" content=\"summary_large_image\" \/>\n<meta name=\"twitter:label1\" content=\"Napisane przez\" \/>\n\t<meta name=\"twitter:data1\" content=\"mops1\" \/>\n\t<meta name=\"twitter:label2\" content=\"Szacowany czas czytania\" \/>\n\t<meta name=\"twitter:data2\" content=\"2 minuty\" \/>\n<script type=\"application\/ld+json\" class=\"yoast-schema-graph\">{\"@context\":\"https:\/\/schema.org\",\"@graph\":[{\"@type\":\"Article\",\"@id\":\"http:\/\/mops.wlodawa.eu\/?p=493#article\",\"isPartOf\":{\"@id\":\"http:\/\/mops.wlodawa.eu\/?p=493\"},\"author\":{\"name\":\"mops1\",\"@id\":\"https:\/\/mops.wlodawa.eu\/#\/schema\/person\/1bb056e8f67e88db50a69837560de810\"},\"headline\":\"&#8222;Posi\u0142ek w szkole i w domu&#8221;\",\"datePublished\":\"2023-03-17T08:30:00+00:00\",\"dateModified\":\"2024-03-28T08:31:51+00:00\",\"mainEntityOfPage\":{\"@id\":\"http:\/\/mops.wlodawa.eu\/?p=493\"},\"wordCount\":485,\"publisher\":{\"@id\":\"https:\/\/mops.wlodawa.eu\/#organization\"},\"image\":{\"@id\":\"http:\/\/mops.wlodawa.eu\/?p=493#primaryimage\"},\"thumbnailUrl\":\"http:\/\/mops.wlodawa.eu\/wp-content\/uploads\/2024\/03\/asystent.png\",\"articleSection\":[\"Posi\u0142ek w szkole i w domu\"],\"inLanguage\":\"pl-PL\"},{\"@type\":\"WebPage\",\"@id\":\"http:\/\/mops.wlodawa.eu\/?p=493\",\"url\":\"http:\/\/mops.wlodawa.eu\/?p=493\",\"name\":\"\\\"Posi\u0142ek w szkole i w domu\\\" - Miejski O\u015brodek Pomocy Spo\u0142ecznej we W\u0142odawie\",\"isPartOf\":{\"@id\":\"https:\/\/mops.wlodawa.eu\/#website\"},\"primaryImageOfPage\":{\"@id\":\"http:\/\/mops.wlodawa.eu\/?p=493#primaryimage\"},\"image\":{\"@id\":\"http:\/\/mops.wlodawa.eu\/?p=493#primaryimage\"},\"thumbnailUrl\":\"http:\/\/mops.wlodawa.eu\/wp-content\/uploads\/2024\/03\/asystent.png\",\"datePublished\":\"2023-03-17T08:30:00+00:00\",\"dateModified\":\"2024-03-28T08:31:51+00:00\",\"description\":\"W\u0142odawa, lubelskie, pomoc spo\u0142eczna, zasi\u0142ki, posi\u0142ki, \u015bwiadczenia rodzinne, dodatki mieszkaniowe, SENIOR+.\",\"breadcrumb\":{\"@id\":\"http:\/\/mops.wlodawa.eu\/?p=493#breadcrumb\"},\"inLanguage\":\"pl-PL\",\"potentialAction\":[{\"@type\":\"ReadAction\",\"target\":[\"http:\/\/mops.wlodawa.eu\/?p=493\"]}]},{\"@type\":\"ImageObject\",\"inLanguage\":\"pl-PL\",\"@id\":\"http:\/\/mops.wlodawa.eu\/?p=493#primaryimage\",\"url\":\"http:\/\/mops.wlodawa.eu\/wp-content\/uploads\/2024\/03\/asystent.png\",\"contentUrl\":\"http:\/\/mops.wlodawa.eu\/wp-content\/uploads\/2024\/03\/asystent.png\",\"width\":548,\"height\":177},{\"@type\":\"BreadcrumbList\",\"@id\":\"http:\/\/mops.wlodawa.eu\/?p=493#breadcrumb\",\"itemListElement\":[{\"@type\":\"ListItem\",\"position\":1,\"name\":\"Strona g\u0142\u00f3wna\",\"item\":\"https:\/\/mops.wlodawa.eu\/\"},{\"@type\":\"ListItem\",\"position\":2,\"name\":\"&#8222;Posi\u0142ek w szkole i w domu&#8221;\"}]},{\"@type\":\"WebSite\",\"@id\":\"https:\/\/mops.wlodawa.eu\/#website\",\"url\":\"https:\/\/mops.wlodawa.eu\/\",\"name\":\"Miejski O\u015brodek Pomocy Spo\u0142ecznej we W\u0142odawie\",\"description\":\"MOPS W\u0142odawa\",\"publisher\":{\"@id\":\"https:\/\/mops.wlodawa.eu\/#organization\"},\"alternateName\":\"MOPS W\u0142odawa\",\"potentialAction\":[{\"@type\":\"SearchAction\",\"target\":{\"@type\":\"EntryPoint\",\"urlTemplate\":\"https:\/\/mops.wlodawa.eu\/?s={search_term_string}\"},\"query-input\":{\"@type\":\"PropertyValueSpecification\",\"valueRequired\":true,\"valueName\":\"search_term_string\"}}],\"inLanguage\":\"pl-PL\"},{\"@type\":\"Organization\",\"@id\":\"https:\/\/mops.wlodawa.eu\/#organization\",\"name\":\"MOPS W\u0142odawa\",\"url\":\"https:\/\/mops.wlodawa.eu\/\",\"logo\":{\"@type\":\"ImageObject\",\"inLanguage\":\"pl-PL\",\"@id\":\"https:\/\/mops.wlodawa.eu\/#\/schema\/logo\/image\/\",\"url\":\"http:\/\/mops.wlodawa.eu\/wp-content\/uploads\/2024\/02\/header1.jpg\",\"contentUrl\":\"http:\/\/mops.wlodawa.eu\/wp-content\/uploads\/2024\/02\/header1.jpg\",\"width\":970,\"height\":200,\"caption\":\"MOPS W\u0142odawa\"},\"image\":{\"@id\":\"https:\/\/mops.wlodawa.eu\/#\/schema\/logo\/image\/\"}},{\"@type\":\"Person\",\"@id\":\"https:\/\/mops.wlodawa.eu\/#\/schema\/person\/1bb056e8f67e88db50a69837560de810\",\"name\":\"mops1\",\"image\":{\"@type\":\"ImageObject\",\"inLanguage\":\"pl-PL\",\"@id\":\"https:\/\/mops.wlodawa.eu\/#\/schema\/person\/image\/\",\"url\":\"https:\/\/secure.gravatar.com\/avatar\/459ed602c6af581e131d560389cc545771fbbd29dc8436dca950c0b23d5755f8?s=96&d=mm&r=g\",\"contentUrl\":\"https:\/\/secure.gravatar.com\/avatar\/459ed602c6af581e131d560389cc545771fbbd29dc8436dca950c0b23d5755f8?s=96&d=mm&r=g\",\"caption\":\"mops1\"},\"sameAs\":[\"http:\/\/nowa.mops.wlodawa.eu\"],\"url\":\"http:\/\/mops.wlodawa.eu\/?author=1\"}]}<\/script>\n<!-- \/ Yoast SEO plugin. -->","yoast_head_json":{"title":"\"Posi\u0142ek w szkole i w domu\" - Miejski O\u015brodek Pomocy Spo\u0142ecznej we W\u0142odawie","description":"W\u0142odawa, lubelskie, pomoc spo\u0142eczna, zasi\u0142ki, posi\u0142ki, \u015bwiadczenia rodzinne, dodatki mieszkaniowe, SENIOR+.","robots":{"index":"index","follow":"follow","max-snippet":"max-snippet:-1","max-image-preview":"max-image-preview:large","max-video-preview":"max-video-preview:-1"},"canonical":"http:\/\/mops.wlodawa.eu\/?p=493","og_locale":"pl_PL","og_type":"article","og_title":"\"Posi\u0142ek w szkole i w domu\" - Miejski O\u015brodek Pomocy Spo\u0142ecznej we W\u0142odawie","og_description":"W\u0142odawa, lubelskie, pomoc spo\u0142eczna, zasi\u0142ki, posi\u0142ki, \u015bwiadczenia rodzinne, dodatki mieszkaniowe, SENIOR+.","og_url":"http:\/\/mops.wlodawa.eu\/?p=493","og_site_name":"Miejski O\u015brodek Pomocy Spo\u0142ecznej we W\u0142odawie","article_published_time":"2023-03-17T08:30:00+00:00","article_modified_time":"2024-03-28T08:31:51+00:00","og_image":[{"url":"http:\/\/mops.wlodawa.eu\/wp-content\/uploads\/2024\/03\/asystent.png","type":"","width":"","height":""}],"author":"mops1","twitter_card":"summary_large_image","twitter_misc":{"Napisane przez":"mops1","Szacowany czas czytania":"2 minuty"},"schema":{"@context":"https:\/\/schema.org","@graph":[{"@type":"Article","@id":"http:\/\/mops.wlodawa.eu\/?p=493#article","isPartOf":{"@id":"http:\/\/mops.wlodawa.eu\/?p=493"},"author":{"name":"mops1","@id":"https:\/\/mops.wlodawa.eu\/#\/schema\/person\/1bb056e8f67e88db50a69837560de810"},"headline":"&#8222;Posi\u0142ek w szkole i w domu&#8221;","datePublished":"2023-03-17T08:30:00+00:00","dateModified":"2024-03-28T08:31:51+00:00","mainEntityOfPage":{"@id":"http:\/\/mops.wlodawa.eu\/?p=493"},"wordCount":485,"publisher":{"@id":"https:\/\/mops.wlodawa.eu\/#organization"},"image":{"@id":"http:\/\/mops.wlodawa.eu\/?p=493#primaryimage"},"thumbnailUrl":"http:\/\/mops.wlodawa.eu\/wp-content\/uploads\/2024\/03\/asystent.png","articleSection":["Posi\u0142ek w szkole i w domu"],"inLanguage":"pl-PL"},{"@type":"WebPage","@id":"http:\/\/mops.wlodawa.eu\/?p=493","url":"http:\/\/mops.wlodawa.eu\/?p=493","name":"\"Posi\u0142ek w szkole i w domu\" - Miejski O\u015brodek Pomocy Spo\u0142ecznej we W\u0142odawie","isPartOf":{"@id":"https:\/\/mops.wlodawa.eu\/#website"},"primaryImageOfPage":{"@id":"http:\/\/mops.wlodawa.eu\/?p=493#primaryimage"},"image":{"@id":"http:\/\/mops.wlodawa.eu\/?p=493#primaryimage"},"thumbnailUrl":"http:\/\/mops.wlodawa.eu\/wp-content\/uploads\/2024\/03\/asystent.png","datePublished":"2023-03-17T08:30:00+00:00","dateModified":"2024-03-28T08:31:51+00:00","description":"W\u0142odawa, lubelskie, pomoc spo\u0142eczna, zasi\u0142ki, posi\u0142ki, \u015bwiadczenia rodzinne, dodatki mieszkaniowe, SENIOR+.","breadcrumb":{"@id":"http:\/\/mops.wlodawa.eu\/?p=493#breadcrumb"},"inLanguage":"pl-PL","potentialAction":[{"@type":"ReadAction","target":["http:\/\/mops.wlodawa.eu\/?p=493"]}]},{"@type":"ImageObject","inLanguage":"pl-PL","@id":"http:\/\/mops.wlodawa.eu\/?p=493#primaryimage","url":"http:\/\/mops.wlodawa.eu\/wp-content\/uploads\/2024\/03\/asystent.png","contentUrl":"http:\/\/mops.wlodawa.eu\/wp-content\/uploads\/2024\/03\/asystent.png","width":548,"height":177},{"@type":"BreadcrumbList","@id":"http:\/\/mops.wlodawa.eu\/?p=493#breadcrumb","itemListElement":[{"@type":"ListItem","position":1,"name":"Strona g\u0142\u00f3wna","item":"https:\/\/mops.wlodawa.eu\/"},{"@type":"ListItem","position":2,"name":"&#8222;Posi\u0142ek w szkole i w domu&#8221;"}]},{"@type":"WebSite","@id":"https:\/\/mops.wlodawa.eu\/#website","url":"https:\/\/mops.wlodawa.eu\/","name":"Miejski O\u015brodek Pomocy Spo\u0142ecznej we W\u0142odawie","description":"MOPS W\u0142odawa","publisher":{"@id":"https:\/\/mops.wlodawa.eu\/#organization"},"alternateName":"MOPS W\u0142odawa","potentialAction":[{"@type":"SearchAction","target":{"@type":"EntryPoint","urlTemplate":"https:\/\/mops.wlodawa.eu\/?s={search_term_string}"},"query-input":{"@type":"PropertyValueSpecification","valueRequired":true,"valueName":"search_term_string"}}],"inLanguage":"pl-PL"},{"@type":"Organization","@id":"https:\/\/mops.wlodawa.eu\/#organization","name":"MOPS W\u0142odawa","url":"https:\/\/mops.wlodawa.eu\/","logo":{"@type":"ImageObject","inLanguage":"pl-PL","@id":"https:\/\/mops.wlodawa.eu\/#\/schema\/logo\/image\/","url":"http:\/\/mops.wlodawa.eu\/wp-content\/uploads\/2024\/02\/header1.jpg","contentUrl":"http:\/\/mops.wlodawa.eu\/wp-content\/uploads\/2024\/02\/header1.jpg","width":970,"height":200,"caption":"MOPS W\u0142odawa"},"image":{"@id":"https:\/\/mops.wlodawa.eu\/#\/schema\/logo\/image\/"}},{"@type":"Person","@id":"https:\/\/mops.wlodawa.eu\/#\/schema\/person\/1bb056e8f67e88db50a69837560de810","name":"mops1","image":{"@type":"ImageObject","inLanguage":"pl-PL","@id":"https:\/\/mops.wlodawa.eu\/#\/schema\/person\/image\/","url":"https:\/\/secure.gravatar.com\/avatar\/459ed602c6af581e131d560389cc545771fbbd29dc8436dca950c0b23d5755f8?s=96&d=mm&r=g","contentUrl":"https:\/\/secure.gravatar.com\/avatar\/459ed602c6af581e131d560389cc545771fbbd29dc8436dca950c0b23d5755f8?s=96&d=mm&r=g","caption":"mops1"},"sameAs":["http:\/\/nowa.mops.wlodawa.eu"],"url":"http:\/\/mops.wlodawa.eu\/?author=1"}]}},"_links":{"self":[{"href":"http:\/\/mops.wlodawa.eu\/index.php?rest_route=\/wp\/v2\/posts\/493","targetHints":{"allow":["GET"]}}],"collection":[{"href":"http:\/\/mops.wlodawa.eu\/index.php?rest_route=\/wp\/v2\/posts"}],"about":[{"href":"http:\/\/mops.wlodawa.eu\/index.php?rest_route=\/wp\/v2\/types\/post"}],"author":[{"embeddable":true,"href":"http:\/\/mops.wlodawa.eu\/index.php?rest_route=\/wp\/v2\/users\/1"}],"replies":[{"embeddable":true,"href":"http:\/\/mops.wlodawa.eu\/index.php?rest_route=%2Fwp%2Fv2%2Fcomments&post=493"}],"version-history":[{"count":1,"href":"http:\/\/mops.wlodawa.eu\/index.php?rest_route=\/wp\/v2\/posts\/493\/revisions"}],"predecessor-version":[{"id":494,"href":"http:\/\/mops.wlodawa.eu\/index.php?rest_route=\/wp\/v2\/posts\/493\/revisions\/494"}],"wp:attachment":[{"href":"http:\/\/mops.wlodawa.eu\/index.php?rest_route=%2Fwp%2Fv2%2Fmedia&parent=493"}],"wp:term":[{"taxonomy":"category","embeddable":true,"href":"http:\/\/mops.wlodawa.eu\/index.php?rest_route=%2Fwp%2Fv2%2Fcategories&post=493"},{"taxonomy":"post_tag","embeddable":true,"href":"http:\/\/mops.wlodawa.eu\/index.php?rest_route=%2Fwp%2Fv2%2Ftags&post=493"}],"curies":[{"name":"wp","href":"https:\/\/api.w.org\/{rel}","templated":true}]}}