{"id":391,"date":"2016-03-19T07:47:00","date_gmt":"2016-03-19T06:47:00","guid":{"rendered":"http:\/\/mops.wlodawa.eu\/?p=391"},"modified":"2024-03-19T07:49:08","modified_gmt":"2024-03-19T06:49:08","slug":"dodatki-mieszkaniowe","status":"publish","type":"post","link":"http:\/\/mops.wlodawa.eu\/?p=391","title":{"rendered":"Dodatki mieszkaniowe"},"content":{"rendered":"\n<p class=\"wp-block-paragraph\">Dok\u0142adnych informacji dotycz\u0105cych zasad przyznawania dodatk\u00f3w mieszkaniowych mo\u017cna zasi\u0119gn\u0105\u0107 u pracownika odpowiedzialnego merytorycznie za prowadzenie spraw dot. dodatk\u00f3w mieszkaniowych w Miejskim O\u015brodku Pomocy Spo\u0142ecznej, czynnym dla interesant\u00f3w od poniedzia\u0142ku do pi\u0105tku w godz. <strong>7.30 &#8211; 15.30.<\/strong><\/p>\n\n\n\n<p class=\"wp-block-paragraph\"><strong>KRYTERIA PRZYZNANIA<\/strong><br><br><strong>&nbsp; &nbsp;<\/strong>posiadanie dochodu nie przekraczaj\u0105cego 125% najni\u017cszej emerytury brutto, to jest <strong>1.563,60 z\u0142<\/strong> (na jedn\u0105 osob\u0119 w rodzinie) i 175% najni\u017cszej emerytury brutto (dla osoby samotnej), tj. <strong>2.189,04 z\u0142,<\/strong> je\u017celi doch\u00f3d jest nieco wy\u017cszy, nie zamyka to mo\u017cliwo\u015bci otrzymania dodatku &#8211; je\u015bli bowiem kwota nadwy\u017cki nie przekracza wysoko\u015bci dodatku mieszkaniowego, nale\u017cny dodatek mieszkaniowy obni\u017ca si\u0119 o t\u0119 kwot\u0119.<br><strong>&nbsp; &nbsp;<\/strong>posiadanie tytu\u0142u prawnego do zajmowanego lokalu, b\u0105d\u017a uprawnie\u0144 do przys\u0142uguj\u0105cego lokalu zamiennego lub socjalnego<br><strong>&nbsp; &nbsp;<\/strong>powierzchnia u\u017cytkowa lokalu nie mo\u017ce przekracza\u0107:<br>&#8211; dla 1 osoby &#8211; 45,5 m2<br>&#8211; dla 2 os\u00f3b &#8211; 52,0 m2<br>&#8211; dla 3 os\u00f3b &#8211; 58,5 m2<br>&#8211; dla 4 os\u00f3b &#8211; 71,5 m2<br>&#8211; dla 5 os\u00f3b &#8211; 84,5 m2<br>&#8211; dla 6 os\u00f3b &#8211; 91,0 m2<br>dla ka\u017cdej nast\u0119pnej osoby dodatkowo 5,0 m2<br>Powierzchnia mo\u017ce zosta\u0107 zwi\u0119kszona o dodatkowe 15,0 m2 je\u017celi w lokalu zamieszkuje osoba niepe\u0142nosprawna wymagaj\u0105ca zamieszkiwania w oddzielnym pokoju lub poruszaj\u0105ca si\u0119 na w\u00f3zku inwalidzkim.<br><br><strong>WARUNKI UZYSKANIA<br><\/strong><br><strong>Osoby ubiegaj\u0105ce si\u0119 o przyznanie dodatku mieszkaniowego musz\u0105 z\u0142o\u017cy\u0107 w Miejskim O\u015brodku Pomocy Spo\u0142ecznej we W\u0142odawie wype\u0142niony wniosek wraz z niezb\u0119dnymi dokumentami:<\/strong><br><strong>&nbsp; &nbsp;ostatni rachunek za energi\u0119 elektryczn\u0105,<\/strong><br><strong>&nbsp; &nbsp;rachunek za wod\u0119 &#8211; za miesi\u0105c sk\u0142adania wniosku<\/strong><br><strong>&nbsp; &nbsp;wnioskodawca jest zobowi\u0105zany udokumentowa\u0107 dochody za ca\u0142y okres rozliczeniowy, to jest za trzy pe\u0142ne miesi\u0105ce poprzedzaj\u0105ce dat\u0119 z\u0142o\u017cenia wniosku.<\/strong><br>Za doch\u00f3d uwa\u017ca si\u0119 wszelkie przychody po odliczeniu koszt\u00f3w ich uzyskania oraz po odliczeniu sk\u0142adek na ubezpieczenie emerytalne i rentowe oraz na ubezpieczenie chorobowe, okre\u015blonych w przepisach o systemie ubezpiecze\u0144 spo\u0142ecznych, chyba \u017ce zosta\u0142y ju\u017c zaliczone do koszt\u00f3w uzyskania przychodu. Do dochodu nie wlicza si\u0119 \u015bwiadcze\u0144 pomocy materialnej dla uczni\u00f3w, dodatk\u00f3w dla sierot zupe\u0142nych, jednorazowych zapom\u00f3g z tytu\u0142u urodzenia si\u0119 dziecka, dodatku z tytu\u0142u urodzenia dziecka, pomocy w zakresie do\u017cywiania, zasi\u0142k\u00f3w piel\u0119gnacyjnych, zasi\u0142k\u00f3w okresowych z pomocy spo\u0142ecznej, jednorazowych \u015bwiadcze\u0144 pieni\u0119\u017cnych i \u015bwiadcze\u0144 w naturze z pomocy spo\u0142ecznej, dodatku mieszkaniowego, dodatku energetycznego, zapomogi pieni\u0119\u017cnej, o kt\u00f3rej mowa w przepisach o zapomodze pieni\u0119\u017cnej dla niekt\u00f3rych emeryt\u00f3w, rencist\u00f3w i os\u00f3b pobieraj\u0105cych \u015bwiadczenie przedemerytalne albo zasi\u0142ek przedemerytalny w 2007 r., \u015bwiadczenia pieni\u0119\u017cnego i pomocy pieni\u0119\u017cnej, o kt\u00f3rych mowa w przepisach ustawy z dnia 20 marca 2015 r. o dzia\u0142aczach opozycji antykomunistycznej oraz osobach represjonowanych z powod\u00f3w politycznych (Dz.U. z 2020 r. poz. 319), \u015bwiadczenia wychowawczego, o kt\u00f3rym mowa w ustawie z dnia 11 lutego 2016 r. o pomocy pa\u0144stwa w wychowywaniu dzieci (Dz.U. z 2019 r. poz. 2407 z p\u00f3\u017an. zm.), dodatku wychowawczego, o kt\u00f3rym mowa w ustawie z dnia 9 czerwca 2011 r. o wspieraniu rodziny i systemie pieczy zast\u0119pczej (Dz.U. z 2020 r. poz. 821 z p\u00f3\u017an. zm.), dop\u0142aty do czynszu, o kt\u00f3rej mowa w ustawie z dnia 20 lipca 2018 r. o pomocy pa\u0144stwa w ponoszeniu wydatk\u00f3w mieszkaniowych w pierwszych latach najmu mieszkania (Dz.U. z 2020 r. poz. 551), oraz \u015bwiadczenia pieni\u0119\u017cnego przyznawanego na podstawie art. 9 ustawy z dnia 22 listopada 2018 r. o grobach weteran\u00f3w walk o wolno\u015b\u0107 i niepodleg\u0142o\u015b\u0107 Polski (Dz.U. z 2018 r. poz. 2529).<br>Doch\u00f3d z prowadzenia gospodarstwa rolnego ustala si\u0119 na podstawie powierzchni grunt\u00f3w w hektarach przeliczeniowych i przeci\u0119tnego dochodu z 1 ha przeliczeniowego ostatnio og\u0142aszanego przez Prezesa G\u0142\u00f3wnego Urz\u0119du Statystycznego w &#8222;Monitorze Polskim&#8221; na podstawie ustawy o podatku rolnym.<\/p>\n\n\n\n<p class=\"wp-block-paragraph\"><strong>Informacje dodatkowe<\/strong><\/p>\n\n\n\n<p class=\"wp-block-paragraph\"><strong>&nbsp; &nbsp;wniosek&nbsp;o przyznanie dodatku mieszkaniowego nale\u017cy sk\u0142ada\u0107 w miesi\u0105cu, w kt\u00f3rym ko\u0144czy si\u0119 dodatek przyznany wcze\u015bniej<br>&nbsp; &nbsp;<\/strong><strong>dodatek mieszkaniowy przys\u0142uguje od pierwszego dnia miesi\u0105ca, nast\u0119puj\u0105cego po dacie z\u0142o\u017cenia wniosku,<br>&nbsp; <\/strong><strong>bezwzgl\u0119dnie nale\u017cy pami\u0119ta\u0107 o regulowaniu na bie\u017c\u0105co r\u00f3\u017cnicy mi\u0119dzy czynszem a dodatkiem mieszkaniowym;<\/strong> <em>W przypadku stwierdzenia, \u017ce osoba kt\u00f3rej przyznano dodatek nie op\u0142aca na bie\u017c\u0105co nale\u017cno\u015bci za lokal mieszkalny, wyp\u0142at\u0119 dodatku wstrzymuje si\u0119 tak\u017ce w drodze decyzji administracyjnej do czasu uregulowania zaleg\u0142o\u015bci. Gdy zaleg\u0142o\u015b\u0107 zostanie uregulowana w terminie 3 miesi\u0119cy od wydania decyzji wstrzymuj\u0105cej wyp\u0142at\u0119 dodatku, dodatek mieszkaniowy zostanie wyp\u0142acony za okres, w kt\u00f3rym wyp\u0142ata by\u0142a wstrzymana. Je\u015bli uregulowanie zaleg\u0142o\u015bci nie nast\u0105pi w tym terminie, decyzja o przyznaniu dodatku mieszkaniowego wygasa z mocy prawa.&nbsp;Nale\u017cy pami\u0119ta\u0107, \u017ce pobieraj\u0105cy nale\u017cno\u015bci za lokale mieszkalne (zarz\u0105dca budynku) powinien niezw\u0142ocznie zawiadomi\u0107 organ, kt\u00f3ry wyda\u0142 decyzj\u0119 o przyznaniu dodatku, o powstaniu zaleg\u0142o\u015bci obejmuj\u0105cych pe\u0142ne dwa miesi\u0105ce. Je\u017celi tego nie uczyni, a gospodarstwo domowe, kt\u00f3remu zosta\u0142 przyznany dodatek nie ui\u015bci zaleg\u0142ych op\u0142at, nara\u017ca si\u0119 sam na zwrot organowi kwoty dodatk\u00f3w wyp\u0142aconych za miesi\u0105ce, w kt\u00f3rych wyst\u0119powa\u0142y zaleg\u0142o\u015bci w op\u0142atach.<\/em><\/p>\n\n\n\n<p class=\"wp-block-paragraph\"><strong>&nbsp; &nbsp;MOPS ma prawo do sprawdzania stanu maj\u0105tkowego wnioskodawc\u00f3w i przeprowadzenia wywiadu \u015brodowiskowego;<\/strong> <em>Odmowa z\u0142o\u017cenia o\u015bwiadczenia stanowi podstaw\u0119 do wydania decyzji o odmowie przyznania dodatku mieszkaniowego. Szczeg\u00f3\u0142owe kwestie dotycz\u0105ce przeprowadzania wywiadu reguluje&nbsp;Rozporzadzenie Ministra Transportu, Budownictwa i Gospodarki Morskiej z dnia 26 kwietnia 2013 r.w sprawie sposobu przeprowadzania wywiadu \u015brodowiskowego, wzoru kwestionariusza wywiadu oraz o\u015bwiadczenia o stanie maj\u0105tkowym wnioskodawcy i innych cz\u0142onk\u00f3w gospodarstwa domowego, a tak\u017ce wzoru legitymacji pracownika upowa\u017cnionego do przeprowadzenia wywiadu (Dz.U. z 2013 r., poz. 589).<\/em><\/p>\n\n\n\n<p class=\"wp-block-paragraph\"><strong>&nbsp; &nbsp;Zmiany dot. wysoko\u015bci dochodu wskazanego we wniosku w okresie 6 miesi\u0119cy od dnia przyznania dodatku nie maj\u0105 wp\u0142ywu na jego wysoko\u015b\u0107.<\/strong><\/p>\n","protected":false},"excerpt":{"rendered":"<p>Dok\u0142adnych informacji dotycz\u0105cych zasad przyznawania dodatk\u00f3w mieszkaniowych mo\u017cna zasi\u0119gn\u0105\u0107 u pracownika odpowiedzialnego merytorycznie za prowadzenie spraw dot. dodatk\u00f3w mieszkaniowych w Miejskim O\u015brodku Pomocy Spo\u0142ecznej, czynnym dla interesant\u00f3w od poniedzia\u0142ku do pi\u0105tku w godz. 7.30 &#8211; 15.30. KRYTERIA PRZYZNANIA &nbsp; &nbsp;posiadanie dochodu nie przekraczaj\u0105cego 125% najni\u017cszej emerytury brutto, to jest 1.563,60 z\u0142 (na jedn\u0105 osob\u0119 w rodzinie) i 175% najni\u017cszej emerytury brutto (dla osoby samotnej), tj. 2.189,04 z\u0142, je\u017celi doch\u00f3d jest nieco wy\u017cszy, nie zamyka to mo\u017cliwo\u015bci otrzymania dodatku &#8211; je\u015bli bowiem kwota nadwy\u017cki nie przekracza wysoko\u015bci dodatku mieszkaniowego, nale\u017cny dodatek mieszkaniowy obni\u017ca si\u0119 o t\u0119 kwot\u0119.&nbsp; &nbsp;posiadanie tytu\u0142u prawnego do zajmowanego lokalu, b\u0105d\u017a uprawnie\u0144 do przys\u0142uguj\u0105cego lokalu zamiennego lub socjalnego&nbsp; &nbsp;powierzchnia u\u017cytkowa lokalu nie mo\u017ce przekracza\u0107:&#8211; dla 1 osoby &#8211; 45,5 m2&#8211; dla 2 os\u00f3b &#8211; 52,0 m2&#8211; dla 3 os\u00f3b &#8211; 58,5 m2&#8211; dla 4 os\u00f3b &#8211; 71,5 m2&#8211; dla 5 os\u00f3b &#8211; 84,5 m2&#8211; dla 6 os\u00f3b &#8211; 91,0 m2dla ka\u017cdej nast\u0119pnej osoby dodatkowo 5,0 m2Powierzchnia mo\u017ce zosta\u0107 zwi\u0119kszona o dodatkowe 15,0 m2 je\u017celi w lokalu zamieszkuje osoba niepe\u0142nosprawna wymagaj\u0105ca zamieszkiwania w oddzielnym pokoju lub poruszaj\u0105ca si\u0119 na w\u00f3zku inwalidzkim. WARUNKI UZYSKANIAOsoby ubiegaj\u0105ce si\u0119 o przyznanie dodatku mieszkaniowego musz\u0105 z\u0142o\u017cy\u0107 w Miejskim O\u015brodku Pomocy Spo\u0142ecznej we W\u0142odawie wype\u0142niony wniosek wraz z niezb\u0119dnymi dokumentami:&nbsp; &nbsp;ostatni rachunek za energi\u0119 elektryczn\u0105,&nbsp; &nbsp;rachunek za wod\u0119 &#8211; za miesi\u0105c sk\u0142adania wniosku&nbsp; &nbsp;wnioskodawca jest zobowi\u0105zany udokumentowa\u0107 dochody za ca\u0142y okres rozliczeniowy, to jest za trzy pe\u0142ne miesi\u0105ce poprzedzaj\u0105ce dat\u0119 z\u0142o\u017cenia wniosku.Za doch\u00f3d uwa\u017ca si\u0119 wszelkie przychody po odliczeniu koszt\u00f3w ich uzyskania oraz po odliczeniu sk\u0142adek na ubezpieczenie emerytalne i rentowe oraz na ubezpieczenie chorobowe, okre\u015blonych w przepisach o systemie ubezpiecze\u0144 spo\u0142ecznych, chyba \u017ce zosta\u0142y ju\u017c zaliczone do koszt\u00f3w uzyskania przychodu. Do dochodu nie wlicza si\u0119 \u015bwiadcze\u0144 pomocy materialnej dla uczni\u00f3w, dodatk\u00f3w dla sierot zupe\u0142nych, jednorazowych zapom\u00f3g z tytu\u0142u urodzenia si\u0119 dziecka, dodatku z tytu\u0142u urodzenia dziecka, pomocy w zakresie do\u017cywiania, zasi\u0142k\u00f3w piel\u0119gnacyjnych, zasi\u0142k\u00f3w okresowych z pomocy spo\u0142ecznej, jednorazowych \u015bwiadcze\u0144 pieni\u0119\u017cnych i \u015bwiadcze\u0144 w naturze z pomocy spo\u0142ecznej, dodatku mieszkaniowego, dodatku energetycznego, zapomogi pieni\u0119\u017cnej, o kt\u00f3rej mowa w przepisach o zapomodze pieni\u0119\u017cnej dla niekt\u00f3rych emeryt\u00f3w, rencist\u00f3w i os\u00f3b pobieraj\u0105cych \u015bwiadczenie przedemerytalne albo zasi\u0142ek przedemerytalny w 2007 r., \u015bwiadczenia pieni\u0119\u017cnego i pomocy pieni\u0119\u017cnej, o kt\u00f3rych mowa w przepisach ustawy z dnia 20 marca 2015 r. o dzia\u0142aczach opozycji antykomunistycznej oraz osobach represjonowanych z powod\u00f3w politycznych (Dz.U. z 2020 r. poz. 319), \u015bwiadczenia wychowawczego, o kt\u00f3rym mowa w ustawie z dnia 11 lutego 2016 r. o pomocy pa\u0144stwa w wychowywaniu dzieci (Dz.U. z 2019 r. poz. 2407 z p\u00f3\u017an. zm.), dodatku wychowawczego, o kt\u00f3rym mowa w ustawie z dnia 9 czerwca 2011 r. o wspieraniu rodziny i systemie pieczy zast\u0119pczej (Dz.U. z 2020 r. poz. 821 z p\u00f3\u017an. zm.), dop\u0142aty do czynszu, o kt\u00f3rej mowa w ustawie z dnia 20 lipca 2018 r. o pomocy pa\u0144stwa w ponoszeniu wydatk\u00f3w mieszkaniowych w pierwszych latach najmu mieszkania (Dz.U. z 2020 r. poz. 551), oraz \u015bwiadczenia pieni\u0119\u017cnego przyznawanego na podstawie art. 9 ustawy z dnia 22 listopada 2018 r. o grobach weteran\u00f3w walk o wolno\u015b\u0107 i niepodleg\u0142o\u015b\u0107 Polski (Dz.U. z 2018 r. poz. 2529).Doch\u00f3d z prowadzenia gospodarstwa rolnego ustala si\u0119 na podstawie powierzchni grunt\u00f3w w hektarach przeliczeniowych i przeci\u0119tnego dochodu z 1 ha przeliczeniowego ostatnio og\u0142aszanego przez Prezesa G\u0142\u00f3wnego Urz\u0119du Statystycznego w &#8222;Monitorze Polskim&#8221; na podstawie ustawy o podatku rolnym. Informacje dodatkowe &nbsp; &nbsp;wniosek&nbsp;o przyznanie dodatku mieszkaniowego nale\u017cy sk\u0142ada\u0107 w miesi\u0105cu, w kt\u00f3rym ko\u0144czy si\u0119 dodatek przyznany wcze\u015bniej&nbsp; &nbsp;dodatek mieszkaniowy przys\u0142uguje od pierwszego dnia miesi\u0105ca, nast\u0119puj\u0105cego po dacie z\u0142o\u017cenia wniosku,&nbsp; bezwzgl\u0119dnie nale\u017cy pami\u0119ta\u0107 o regulowaniu na bie\u017c\u0105co r\u00f3\u017cnicy mi\u0119dzy czynszem a dodatkiem mieszkaniowym; W przypadku stwierdzenia, \u017ce osoba kt\u00f3rej przyznano dodatek nie op\u0142aca na bie\u017c\u0105co nale\u017cno\u015bci za lokal mieszkalny, wyp\u0142at\u0119 dodatku wstrzymuje si\u0119 tak\u017ce w drodze decyzji administracyjnej do czasu uregulowania zaleg\u0142o\u015bci. Gdy zaleg\u0142o\u015b\u0107 zostanie uregulowana w terminie 3 miesi\u0119cy od wydania decyzji wstrzymuj\u0105cej wyp\u0142at\u0119 dodatku, dodatek mieszkaniowy zostanie wyp\u0142acony za okres, w kt\u00f3rym wyp\u0142ata by\u0142a wstrzymana. Je\u015bli uregulowanie zaleg\u0142o\u015bci nie nast\u0105pi w tym terminie, decyzja o przyznaniu dodatku mieszkaniowego wygasa z mocy prawa.&nbsp;Nale\u017cy pami\u0119ta\u0107, \u017ce pobieraj\u0105cy nale\u017cno\u015bci za lokale mieszkalne (zarz\u0105dca budynku) powinien niezw\u0142ocznie zawiadomi\u0107 organ, kt\u00f3ry wyda\u0142 decyzj\u0119 o przyznaniu dodatku, o powstaniu zaleg\u0142o\u015bci obejmuj\u0105cych pe\u0142ne dwa miesi\u0105ce. Je\u017celi tego nie uczyni, a gospodarstwo domowe, kt\u00f3remu zosta\u0142 przyznany dodatek nie ui\u015bci zaleg\u0142ych op\u0142at, nara\u017ca si\u0119 sam na zwrot organowi kwoty dodatk\u00f3w wyp\u0142aconych za miesi\u0105ce, w kt\u00f3rych wyst\u0119powa\u0142y zaleg\u0142o\u015bci w op\u0142atach. &nbsp; &nbsp;MOPS ma prawo do sprawdzania stanu maj\u0105tkowego wnioskodawc\u00f3w i przeprowadzenia wywiadu \u015brodowiskowego; Odmowa z\u0142o\u017cenia o\u015bwiadczenia stanowi podstaw\u0119 do wydania decyzji o odmowie przyznania dodatku mieszkaniowego. Szczeg\u00f3\u0142owe kwestie dotycz\u0105ce przeprowadzania wywiadu reguluje&nbsp;Rozporzadzenie Ministra Transportu, Budownictwa i Gospodarki Morskiej z dnia 26 kwietnia 2013 r.w sprawie sposobu przeprowadzania wywiadu \u015brodowiskowego, wzoru kwestionariusza wywiadu oraz o\u015bwiadczenia o stanie maj\u0105tkowym wnioskodawcy i innych cz\u0142onk\u00f3w gospodarstwa domowego, a tak\u017ce wzoru legitymacji pracownika upowa\u017cnionego do przeprowadzenia wywiadu (Dz.U. z 2013 r., poz. 589). &nbsp; &nbsp;Zmiany dot. wysoko\u015bci dochodu wskazanego we wniosku w okresie 6 miesi\u0119cy od dnia przyznania dodatku nie maj\u0105 wp\u0142ywu na jego wysoko\u015b\u0107.<\/p>\n","protected":false},"author":1,"featured_media":0,"comment_status":"closed","ping_status":"open","sticky":false,"template":"","format":"standard","meta":{"footnotes":""},"categories":[13,18],"tags":[],"class_list":["post-391","post","type-post","status-publish","format-standard","hentry","category-aktualnosci","category-dodatki-mieszkaniowe"],"yoast_head":"<!-- This site is optimized with the Yoast SEO plugin v28.2 - https:\/\/yoast.com\/product\/yoast-seo-wordpress\/ -->\n<title>Dodatki mieszkaniowe - Miejski O\u015brodek Pomocy Spo\u0142ecznej we W\u0142odawie<\/title>\n<meta name=\"description\" content=\"W\u0142odawa, lubelskie, pomoc spo\u0142eczna, zasi\u0142ki, posi\u0142ki, \u015bwiadczenia rodzinne, dodatki mieszkaniowe, SENIOR+.\" \/>\n<meta name=\"robots\" content=\"index, follow, max-snippet:-1, max-image-preview:large, max-video-preview:-1\" \/>\n<link rel=\"canonical\" href=\"https:\/\/mops.wlodawa.eu\/?p=391\" \/>\n<meta property=\"og:locale\" content=\"pl_PL\" \/>\n<meta property=\"og:type\" content=\"article\" \/>\n<meta property=\"og:title\" content=\"Dodatki mieszkaniowe - Miejski O\u015brodek Pomocy Spo\u0142ecznej we W\u0142odawie\" \/>\n<meta property=\"og:description\" content=\"W\u0142odawa, lubelskie, pomoc spo\u0142eczna, zasi\u0142ki, posi\u0142ki, \u015bwiadczenia rodzinne, dodatki mieszkaniowe, SENIOR+.\" \/>\n<meta property=\"og:url\" content=\"https:\/\/mops.wlodawa.eu\/?p=391\" \/>\n<meta property=\"og:site_name\" content=\"Miejski O\u015brodek Pomocy Spo\u0142ecznej we W\u0142odawie\" \/>\n<meta property=\"article:published_time\" content=\"2016-03-19T06:47:00+00:00\" \/>\n<meta property=\"article:modified_time\" content=\"2024-03-19T06:49:08+00:00\" \/>\n<meta name=\"author\" content=\"mops1\" \/>\n<meta name=\"twitter:card\" content=\"summary_large_image\" \/>\n<meta name=\"twitter:label1\" content=\"Napisane przez\" \/>\n\t<meta name=\"twitter:data1\" content=\"mops1\" \/>\n\t<meta name=\"twitter:label2\" content=\"Szacowany czas czytania\" \/>\n\t<meta name=\"twitter:data2\" content=\"5 minut\" \/>\n<script type=\"application\/ld+json\" class=\"yoast-schema-graph\">{\"@context\":\"https:\\\/\\\/schema.org\",\"@graph\":[{\"@type\":\"Article\",\"@id\":\"https:\\\/\\\/mops.wlodawa.eu\\\/?p=391#article\",\"isPartOf\":{\"@id\":\"https:\\\/\\\/mops.wlodawa.eu\\\/?p=391\"},\"author\":{\"name\":\"mops1\",\"@id\":\"https:\\\/\\\/mops.wlodawa.eu\\\/#\\\/schema\\\/person\\\/1bb056e8f67e88db50a69837560de810\"},\"headline\":\"Dodatki mieszkaniowe\",\"datePublished\":\"2016-03-19T06:47:00+00:00\",\"dateModified\":\"2024-03-19T06:49:08+00:00\",\"mainEntityOfPage\":{\"@id\":\"https:\\\/\\\/mops.wlodawa.eu\\\/?p=391\"},\"wordCount\":1006,\"publisher\":{\"@id\":\"https:\\\/\\\/mops.wlodawa.eu\\\/#organization\"},\"articleSection\":[\"Aktualno\u015bci\",\"Dodatki mieszkaniowe\"],\"inLanguage\":\"pl-PL\"},{\"@type\":\"WebPage\",\"@id\":\"https:\\\/\\\/mops.wlodawa.eu\\\/?p=391\",\"url\":\"https:\\\/\\\/mops.wlodawa.eu\\\/?p=391\",\"name\":\"Dodatki mieszkaniowe - Miejski O\u015brodek Pomocy Spo\u0142ecznej we W\u0142odawie\",\"isPartOf\":{\"@id\":\"https:\\\/\\\/mops.wlodawa.eu\\\/#website\"},\"datePublished\":\"2016-03-19T06:47:00+00:00\",\"dateModified\":\"2024-03-19T06:49:08+00:00\",\"description\":\"W\u0142odawa, lubelskie, pomoc spo\u0142eczna, zasi\u0142ki, posi\u0142ki, \u015bwiadczenia rodzinne, dodatki mieszkaniowe, SENIOR+.\",\"breadcrumb\":{\"@id\":\"https:\\\/\\\/mops.wlodawa.eu\\\/?p=391#breadcrumb\"},\"inLanguage\":\"pl-PL\",\"potentialAction\":[{\"@type\":\"ReadAction\",\"target\":[\"https:\\\/\\\/mops.wlodawa.eu\\\/?p=391\"]}]},{\"@type\":\"BreadcrumbList\",\"@id\":\"https:\\\/\\\/mops.wlodawa.eu\\\/?p=391#breadcrumb\",\"itemListElement\":[{\"@type\":\"ListItem\",\"position\":1,\"name\":\"Strona g\u0142\u00f3wna\",\"item\":\"https:\\\/\\\/mops.wlodawa.eu\\\/\"},{\"@type\":\"ListItem\",\"position\":2,\"name\":\"Dodatki mieszkaniowe\"}]},{\"@type\":\"WebSite\",\"@id\":\"https:\\\/\\\/mops.wlodawa.eu\\\/#website\",\"url\":\"https:\\\/\\\/mops.wlodawa.eu\\\/\",\"name\":\"Miejski O\u015brodek Pomocy Spo\u0142ecznej we W\u0142odawie\",\"description\":\"MOPS W\u0142odawa\",\"publisher\":{\"@id\":\"https:\\\/\\\/mops.wlodawa.eu\\\/#organization\"},\"alternateName\":\"MOPS W\u0142odawa\",\"potentialAction\":[{\"@type\":\"SearchAction\",\"target\":{\"@type\":\"EntryPoint\",\"urlTemplate\":\"https:\\\/\\\/mops.wlodawa.eu\\\/?s={search_term_string}\"},\"query-input\":{\"@type\":\"PropertyValueSpecification\",\"valueRequired\":true,\"valueName\":\"search_term_string\"}}],\"inLanguage\":\"pl-PL\"},{\"@type\":\"Organization\",\"@id\":\"https:\\\/\\\/mops.wlodawa.eu\\\/#organization\",\"name\":\"MOPS W\u0142odawa\",\"url\":\"https:\\\/\\\/mops.wlodawa.eu\\\/\",\"logo\":{\"@type\":\"ImageObject\",\"inLanguage\":\"pl-PL\",\"@id\":\"https:\\\/\\\/mops.wlodawa.eu\\\/#\\\/schema\\\/logo\\\/image\\\/\",\"url\":\"http:\\\/\\\/mops.wlodawa.eu\\\/wp-content\\\/uploads\\\/2024\\\/02\\\/header1.jpg\",\"contentUrl\":\"http:\\\/\\\/mops.wlodawa.eu\\\/wp-content\\\/uploads\\\/2024\\\/02\\\/header1.jpg\",\"width\":970,\"height\":200,\"caption\":\"MOPS W\u0142odawa\"},\"image\":{\"@id\":\"https:\\\/\\\/mops.wlodawa.eu\\\/#\\\/schema\\\/logo\\\/image\\\/\"}},{\"@type\":\"Person\",\"@id\":\"https:\\\/\\\/mops.wlodawa.eu\\\/#\\\/schema\\\/person\\\/1bb056e8f67e88db50a69837560de810\",\"name\":\"mops1\",\"image\":{\"@type\":\"ImageObject\",\"inLanguage\":\"pl-PL\",\"@id\":\"https:\\\/\\\/secure.gravatar.com\\\/avatar\\\/459ed602c6af581e131d560389cc545771fbbd29dc8436dca950c0b23d5755f8?s=96&d=mm&r=g\",\"url\":\"https:\\\/\\\/secure.gravatar.com\\\/avatar\\\/459ed602c6af581e131d560389cc545771fbbd29dc8436dca950c0b23d5755f8?s=96&d=mm&r=g\",\"contentUrl\":\"https:\\\/\\\/secure.gravatar.com\\\/avatar\\\/459ed602c6af581e131d560389cc545771fbbd29dc8436dca950c0b23d5755f8?s=96&d=mm&r=g\",\"caption\":\"mops1\"},\"sameAs\":[\"http:\\\/\\\/nowa.mops.wlodawa.eu\"],\"url\":\"http:\\\/\\\/mops.wlodawa.eu\\\/?author=1\"}]}<\/script>\n<!-- \/ Yoast SEO plugin. -->","yoast_head_json":{"title":"Dodatki mieszkaniowe - Miejski O\u015brodek Pomocy Spo\u0142ecznej we W\u0142odawie","description":"W\u0142odawa, lubelskie, pomoc spo\u0142eczna, zasi\u0142ki, posi\u0142ki, \u015bwiadczenia rodzinne, dodatki mieszkaniowe, SENIOR+.","robots":{"index":"index","follow":"follow","max-snippet":"max-snippet:-1","max-image-preview":"max-image-preview:large","max-video-preview":"max-video-preview:-1"},"canonical":"https:\/\/mops.wlodawa.eu\/?p=391","og_locale":"pl_PL","og_type":"article","og_title":"Dodatki mieszkaniowe - Miejski O\u015brodek Pomocy Spo\u0142ecznej we W\u0142odawie","og_description":"W\u0142odawa, lubelskie, pomoc spo\u0142eczna, zasi\u0142ki, posi\u0142ki, \u015bwiadczenia rodzinne, dodatki mieszkaniowe, SENIOR+.","og_url":"https:\/\/mops.wlodawa.eu\/?p=391","og_site_name":"Miejski O\u015brodek Pomocy Spo\u0142ecznej we W\u0142odawie","article_published_time":"2016-03-19T06:47:00+00:00","article_modified_time":"2024-03-19T06:49:08+00:00","author":"mops1","twitter_card":"summary_large_image","twitter_misc":{"Napisane przez":"mops1","Szacowany czas czytania":"5 minut"},"schema":{"@context":"https:\/\/schema.org","@graph":[{"@type":"Article","@id":"https:\/\/mops.wlodawa.eu\/?p=391#article","isPartOf":{"@id":"https:\/\/mops.wlodawa.eu\/?p=391"},"author":{"name":"mops1","@id":"https:\/\/mops.wlodawa.eu\/#\/schema\/person\/1bb056e8f67e88db50a69837560de810"},"headline":"Dodatki mieszkaniowe","datePublished":"2016-03-19T06:47:00+00:00","dateModified":"2024-03-19T06:49:08+00:00","mainEntityOfPage":{"@id":"https:\/\/mops.wlodawa.eu\/?p=391"},"wordCount":1006,"publisher":{"@id":"https:\/\/mops.wlodawa.eu\/#organization"},"articleSection":["Aktualno\u015bci","Dodatki mieszkaniowe"],"inLanguage":"pl-PL"},{"@type":"WebPage","@id":"https:\/\/mops.wlodawa.eu\/?p=391","url":"https:\/\/mops.wlodawa.eu\/?p=391","name":"Dodatki mieszkaniowe - Miejski O\u015brodek Pomocy Spo\u0142ecznej we W\u0142odawie","isPartOf":{"@id":"https:\/\/mops.wlodawa.eu\/#website"},"datePublished":"2016-03-19T06:47:00+00:00","dateModified":"2024-03-19T06:49:08+00:00","description":"W\u0142odawa, lubelskie, pomoc spo\u0142eczna, zasi\u0142ki, posi\u0142ki, \u015bwiadczenia rodzinne, dodatki mieszkaniowe, SENIOR+.","breadcrumb":{"@id":"https:\/\/mops.wlodawa.eu\/?p=391#breadcrumb"},"inLanguage":"pl-PL","potentialAction":[{"@type":"ReadAction","target":["https:\/\/mops.wlodawa.eu\/?p=391"]}]},{"@type":"BreadcrumbList","@id":"https:\/\/mops.wlodawa.eu\/?p=391#breadcrumb","itemListElement":[{"@type":"ListItem","position":1,"name":"Strona g\u0142\u00f3wna","item":"https:\/\/mops.wlodawa.eu\/"},{"@type":"ListItem","position":2,"name":"Dodatki mieszkaniowe"}]},{"@type":"WebSite","@id":"https:\/\/mops.wlodawa.eu\/#website","url":"https:\/\/mops.wlodawa.eu\/","name":"Miejski O\u015brodek Pomocy Spo\u0142ecznej we W\u0142odawie","description":"MOPS W\u0142odawa","publisher":{"@id":"https:\/\/mops.wlodawa.eu\/#organization"},"alternateName":"MOPS W\u0142odawa","potentialAction":[{"@type":"SearchAction","target":{"@type":"EntryPoint","urlTemplate":"https:\/\/mops.wlodawa.eu\/?s={search_term_string}"},"query-input":{"@type":"PropertyValueSpecification","valueRequired":true,"valueName":"search_term_string"}}],"inLanguage":"pl-PL"},{"@type":"Organization","@id":"https:\/\/mops.wlodawa.eu\/#organization","name":"MOPS W\u0142odawa","url":"https:\/\/mops.wlodawa.eu\/","logo":{"@type":"ImageObject","inLanguage":"pl-PL","@id":"https:\/\/mops.wlodawa.eu\/#\/schema\/logo\/image\/","url":"http:\/\/mops.wlodawa.eu\/wp-content\/uploads\/2024\/02\/header1.jpg","contentUrl":"http:\/\/mops.wlodawa.eu\/wp-content\/uploads\/2024\/02\/header1.jpg","width":970,"height":200,"caption":"MOPS W\u0142odawa"},"image":{"@id":"https:\/\/mops.wlodawa.eu\/#\/schema\/logo\/image\/"}},{"@type":"Person","@id":"https:\/\/mops.wlodawa.eu\/#\/schema\/person\/1bb056e8f67e88db50a69837560de810","name":"mops1","image":{"@type":"ImageObject","inLanguage":"pl-PL","@id":"https:\/\/secure.gravatar.com\/avatar\/459ed602c6af581e131d560389cc545771fbbd29dc8436dca950c0b23d5755f8?s=96&d=mm&r=g","url":"https:\/\/secure.gravatar.com\/avatar\/459ed602c6af581e131d560389cc545771fbbd29dc8436dca950c0b23d5755f8?s=96&d=mm&r=g","contentUrl":"https:\/\/secure.gravatar.com\/avatar\/459ed602c6af581e131d560389cc545771fbbd29dc8436dca950c0b23d5755f8?s=96&d=mm&r=g","caption":"mops1"},"sameAs":["http:\/\/nowa.mops.wlodawa.eu"],"url":"http:\/\/mops.wlodawa.eu\/?author=1"}]}},"_links":{"self":[{"href":"http:\/\/mops.wlodawa.eu\/index.php?rest_route=\/wp\/v2\/posts\/391","targetHints":{"allow":["GET"]}}],"collection":[{"href":"http:\/\/mops.wlodawa.eu\/index.php?rest_route=\/wp\/v2\/posts"}],"about":[{"href":"http:\/\/mops.wlodawa.eu\/index.php?rest_route=\/wp\/v2\/types\/post"}],"author":[{"embeddable":true,"href":"http:\/\/mops.wlodawa.eu\/index.php?rest_route=\/wp\/v2\/users\/1"}],"replies":[{"embeddable":true,"href":"http:\/\/mops.wlodawa.eu\/index.php?rest_route=%2Fwp%2Fv2%2Fcomments&post=391"}],"version-history":[{"count":1,"href":"http:\/\/mops.wlodawa.eu\/index.php?rest_route=\/wp\/v2\/posts\/391\/revisions"}],"predecessor-version":[{"id":392,"href":"http:\/\/mops.wlodawa.eu\/index.php?rest_route=\/wp\/v2\/posts\/391\/revisions\/392"}],"wp:attachment":[{"href":"http:\/\/mops.wlodawa.eu\/index.php?rest_route=%2Fwp%2Fv2%2Fmedia&parent=391"}],"wp:term":[{"taxonomy":"category","embeddable":true,"href":"http:\/\/mops.wlodawa.eu\/index.php?rest_route=%2Fwp%2Fv2%2Fcategories&post=391"},{"taxonomy":"post_tag","embeddable":true,"href":"http:\/\/mops.wlodawa.eu\/index.php?rest_route=%2Fwp%2Fv2%2Ftags&post=391"}],"curies":[{"name":"wp","href":"https:\/\/api.w.org\/{rel}","templated":true}]}}